{"headers": {"id": "ID", "ano": "Ano", "numero": "N\u00famero", "tipo__sigla": "Tipo de Mat\u00e9ria Legislativa/Sigla", "tipo__descricao": "Tipo de Mat\u00e9ria Legislativa/Descri\u00e7\u00e3o", "autoria": "Autorias", "texto_original": "Texto Original", "ementa": "Ementa"}, "results": [{"id": "166", "ano": "2026", "numero": "1", "tipo__sigla": "PLO", "tipo__descricao": "Projeto de Lei Ordin\u00e1ria do Executivo", "autoria": "Executivo Municipal - PREF", "texto_original": "http://sapl.granito.pe.leg.br/media/sapl/public/materialegislativa/2026/166/projeto_de_lei_no_001-2026_-_concede_reajuste_de_vencimentos_aos_servidores_do_magisterio_publico_municipal.pdf", "ementa": "CONCEDE REAJUSTE DE VENCIMENTOS AOS\r\nSERVIDORES DO MAGIST\u00c9RIO P\u00daBLICO\r\nMUNICIPAL, PARA ADEQUA\u00c7\u00c3O AO PISO\r\nSALARIAL PROFISSIONAL NACIONAL DOS\r\nPROFISSIONAIS DO MAGIST\u00c9RIO P\u00daBLICO\r\nDA EDUCA\u00c7\u00c3O B\u00c1SICA, E D\u00c1 OUTRAS\r\nPROVID\u00caNCIAS."}, {"id": "169", "ano": "2026", "numero": "2", "tipo__sigla": "PLO", "tipo__descricao": "Projeto de Lei Ordin\u00e1ria do Executivo", "autoria": "Executivo Municipal - PREF", "texto_original": "http://sapl.granito.pe.leg.br/media/sapl/public/materialegislativa/2026/169/projeto_de_lei_n_002-2026_-_institui_o_plano_municipal_de_metas_para_o_enfrentamento_integrado_ao_feminicidio_e_a_violencia_contra_as_mulheres_no_ambito_do_municipio_de_granito.pdf", "ementa": "INSTITUI O PLANO MUNICIPAL DE METAS PARA O ENFRENTAMENTO INTEGRADO AO FEMINIC\u00cdDIO E \u00c0 VIOL\u00caNCIA CONTRA AS MULHERES NO \u00c2MBITO DO MUNIC\u00cdPIO DE GRANITO/PE, E D\u00c1 OUTRAS PROVID\u00caNCIAS."}, {"id": "178", "ano": "2026", "numero": "3", "tipo__sigla": "PLO", "tipo__descricao": "Projeto de Lei Ordin\u00e1ria do Executivo", "autoria": "Executivo Municipal - PREF", "texto_original": "http://sapl.granito.pe.leg.br/media/sapl/public/materialegislativa/2026/178/projeto_de_lei_no_003-2026_-_dispoe_sobre_a_instituicao_da_politica_municipal_de_combate_a_pobreza_menstrual.pdf", "ementa": "DISP\u00d5E SOBRE A INSTITUI\u00c7\u00c3O DA\r\nPOL\u00cdTICA MUNICIPAL DE COMBATE \u00c0\r\nPOBREZA MENSTRUAL E PROMO\u00c7\u00c3O DA\r\nDIGNIDADE MENSTRUAL NO \u00c2MBITO DO\r\nMUNIC\u00cdPIO DE GRANITO/PE, E D\u00c1 OUTRAS\r\nPROVID\u00caNCIAS."}, {"id": "179", "ano": "2026", "numero": "4", "tipo__sigla": "PLO", "tipo__descricao": "Projeto de Lei Ordin\u00e1ria do Executivo", "autoria": "Executivo Municipal - PREF", "texto_original": "http://sapl.granito.pe.leg.br/media/sapl/public/materialegislativa/2026/179/projeto_de_lei_no_004-2026_-_institui_a_campanha_municipal_de_vacinacao_nas_escolas_publicas.pdf", "ementa": "INSTITUI A CAMPANHA MUNICIPAL DE\r\nVACINA\u00c7\u00c3O NAS ESCOLAS P\u00daBLICAS NO\r\n\u00c2MBITO DO MUNIC\u00cdPIO DE GRANITO/PE, E\r\nD\u00c1 OUTRAS PROVID\u00caNCIAS."}, {"id": "180", "ano": "2026", "numero": "5", "tipo__sigla": "PLO", "tipo__descricao": "Projeto de Lei Ordin\u00e1ria do Executivo", "autoria": "Executivo Municipal - PREF", "texto_original": "http://sapl.granito.pe.leg.br/media/sapl/public/materialegislativa/2026/180/projeto_de_lei_no_005-2026_-_institui_o_procedimento_de_escuta_especializada_de_criancas_e_adolescente.pdf", "ementa": "INSTITUI O PROCEDIMENTO DE ESCUTA\r\nESPECIALIZADA DE CRIAN\u00c7AS E\r\nADOLESCENTES V\u00cdTIMAS OU\r\nTESTEMUNHAS DE VIOL\u00caNCIA NO \u00c2MBITO\r\nDO MUNIC\u00cdPIO DE GRANITO/PE, EM\r\nCONFORMIDADE COM A LEI FEDERAL N\u00ba\r\n13.431/2017, E D\u00c1 OUTRAS PROVID\u00caNCIAS."}, {"id": "170", "ano": "2026", "numero": "1", "tipo__sigla": "PLG", "tipo__descricao": "Projeto de Lei Ordin\u00e1ria do Legislativo", "autoria": "J\u00fanior Leonel", "texto_original": "http://sapl.granito.pe.leg.br/media/sapl/public/materialegislativa/2026/170/projeto_de_lei_n_001_2026.pdf", "ementa": "Disp\u00f5e sobre a destina\u00e7\u00e3o m\u00ednima de 20% (vinte por cento) dos recursos p\u00fablicos destinados \u00e0 contrata\u00e7\u00e3o de atra\u00e7\u00f5es art\u00edsticas \u2014 tais como cantores, bandas, grupos de dan\u00e7a, grupos teatrais e demais express\u00f5es culturais \u2014 para eventos e festividades oficiais do Munic\u00edpio de Granito\u2013PE \u00e0 contrata\u00e7\u00e3o de artistas naturais do munic\u00edpio e d\u00e1 outras provid\u00eancias."}, {"id": "173", "ano": "2026", "numero": "2", "tipo__sigla": "PLG", "tipo__descricao": "Projeto de Lei Ordin\u00e1ria do Legislativo", "autoria": "Gabriel Duarte", "texto_original": "http://sapl.granito.pe.leg.br/media/sapl/public/materialegislativa/2026/173/projeto_de_lei_marco_180_anos_paroquia.pdf", "ementa": "Reconhece como Patrim\u00f4nio Cultural Imaterial a Festa da Padroeira Nossa Senhora do Bom Conselho, ratifica o feriado municipal de 02 de fevereiro, institui o \"Ciclo do Reencontro Granitense\" e da outras providencias."}, {"id": "175", "ano": "2026", "numero": "3", "tipo__sigla": "PLG", "tipo__descricao": "Projeto de Lei Ordin\u00e1ria do Legislativo", "autoria": "Mesa Diretora", "texto_original": "http://sapl.granito.pe.leg.br/media/sapl/public/materialegislativa/2026/175/pl_003_2026.pdf", "ementa": "Disp\u00f5e sobre a cria\u00e7\u00e3o de cargo em comiss\u00e3o de Ouvidor da C\u00e2mara Municipal de Granito, estabelece suas atribui\u00e7\u00f5es, requisitos de nomea\u00e7\u00e3o e vincula\u00e7\u00e3o administrativa, e d\u00e1 outras provid\u00eancias."}, {"id": "198", "ano": "2026", "numero": "4", "tipo__sigla": "PLG", "tipo__descricao": "Projeto de Lei Ordin\u00e1ria do Legislativo", "autoria": "Aur\u00edlio Lacerda", "texto_original": "http://sapl.granito.pe.leg.br/media/sapl/public/materialegislativa/2026/198/pl_004_2026.pdf", "ementa": "Denomina a Unidade B\u00e1sica de Sa\u00fade localizada na Avenida S\u00e3o Paulo, no Munic\u00edpio de Granito/PE, e d\u00e1 outras provid\u00eancias."}, {"id": "165", "ano": "2026", "numero": "1", "tipo__sigla": "DCL", "tipo__descricao": "Decreto Legislativo", "autoria": "Aur\u00edlio Lacerda", "texto_original": "http://sapl.granito.pe.leg.br/media/sapl/public/materialegislativa/2026/165/decreto_legislativo_no_001_2026_-_salarios_.pdf", "ementa": "DISP\u00d5E SOBRE A CONCESS\u00c3O DE REAJUSTE DOS VENCIMENTOS E SAL\u00c1RIOS DOS SERVIDORES EFETIVOS E COMISSIONADOS DA C\u00c2MARA MUNICIPAL DE GRANITO, E D\u00c1 OUTRAS PROVID\u00caNCIAS."}, {"id": "171", "ano": "2026", "numero": "1", "tipo__sigla": "PRES", "tipo__descricao": "Projeto de Resolu\u00e7\u00e3o", "autoria": "Mesa Diretora", "texto_original": "http://sapl.granito.pe.leg.br/media/sapl/public/materialegislativa/2026/171/projeto_de_resolucao_001_2026.pdf", "ementa": "Disp\u00f5e sobre a institui\u00e7\u00e3o da nova identidade visual da C\u00e2mara Municipal de Granito e d\u00e1 outras provid\u00eancias."}, {"id": "172", "ano": "2026", "numero": "2", "tipo__sigla": "PRES", "tipo__descricao": "Projeto de Resolu\u00e7\u00e3o", "autoria": "Mesa Diretora", "texto_original": "http://sapl.granito.pe.leg.br/media/sapl/public/materialegislativa/2026/172/projeto_de_resolucao_002_2026.pdf", "ementa": "Disp\u00f5e sobre a cria\u00e7\u00e3o da Galeria das Legislaturas da C\u00e2mara Municipal de Granito/PE, denomina o espa\u00e7o em homenagem ao Vereador Jos\u00e9 Negedile de Alencar (Maninho de Tindor) e d\u00e1 outras provid\u00eancias."}, {"id": "168", "ano": "2026", "numero": "1", "tipo__sigla": "IND", "tipo__descricao": "Indica\u00e7\u00e3o", "autoria": "J\u00fanior Leonel", "texto_original": "http://sapl.granito.pe.leg.br/media/sapl/public/materialegislativa/2026/168/05.pdf", "ementa": "Sugere ao Poder Executivo Municipal um letreiro de Identifica\u00e7\u00e3o na entrada do povoado de Lagoa Nova, Munic\u00edpio de Granito\u2013PE."}, {"id": "199", "ano": "2026", "numero": "2", "tipo__sigla": "IND", "tipo__descricao": "Indica\u00e7\u00e3o", "autoria": "Ana Maria", "texto_original": "http://sapl.granito.pe.leg.br/media/sapl/public/materialegislativa/2026/199/indicacao_002_2026_assinado.pdf", "ementa": "Solicita\u00e7\u00e3o de constru\u00e7\u00e3o de cemit\u00e9rio p\u00fablico na localidade de Casa de Pedra."}, {"id": "176", "ano": "2026", "numero": "2", "tipo__sigla": "MOC", "tipo__descricao": "Mo\u00e7\u00e3o", "autoria": "J\u00fanior Leonel", "texto_original": "http://sapl.granito.pe.leg.br/media/sapl/public/materialegislativa/2026/176/mencao_honrosa__assinado.pdf", "ementa": "MO\u00c7\u00c3O DE APLAUSOS \u00e0 Escola Municipal Corn\u00e9lio Carlos de Alencar, pelo not\u00e1vel desempenho educacional alcan\u00e7ado."}, {"id": "174", "ano": "2026", "numero": "1", "tipo__sigla": "REQ", "tipo__descricao": "Requerimento", "autoria": "Gabriel Duarte", "texto_original": "http://sapl.granito.pe.leg.br/media/sapl/public/materialegislativa/2026/174/requerimento_de_urgencia_ao_projeto_de_lei_marco_180_anos_paroquia.pdf", "ementa": "Tramita\u00e7\u00e3o e vota\u00e7\u00e3o imediata do Projeto de Lei que institui o Patrim\u00f4nio Cultural e o Ciclo do Reencontro da Padroeira Nossa Senhora do Bom Conselho."}, {"id": "177", "ano": "2026", "numero": "2", "tipo__sigla": "REQ", "tipo__descricao": "Requerimento", "autoria": "Gabriel Duarte", "texto_original": "http://sapl.granito.pe.leg.br/media/sapl/public/materialegislativa/2026/177/requerimento_de_urgencia_ao_projeto_de_lei_marco_180_anos_paroquia.pdf", "ementa": "Tramita\u00e7\u00e3o e vota\u00e7\u00e3o imediata do Projeto de Lei que institui o Patrim\u00f4nio Cultural e o Ciclo do Reencontro da Padroeira Nossa Senhora do Bom Conselho."}]}