{"headers": {"id": "ID", "ano": "Ano", "numero": "N\u00famero", "tipo__sigla": "Tipo de Mat\u00e9ria Legislativa/Sigla", "tipo__descricao": "Tipo de Mat\u00e9ria Legislativa/Descri\u00e7\u00e3o", "autoria": "Autorias", "texto_original": "Texto Original", "ementa": "Ementa"}, "results": [{"id": "37", "ano": "2025", "numero": "1", "tipo__sigla": "PLO", "tipo__descricao": "Projeto de Lei Ordin\u00e1ria do Executivo", "autoria": "Executivo Municipal - PREF", "texto_original": "http://sapl.granito.pe.leg.br/media/sapl/public/materialegislativa/2025/37/projeto_de_lei_no_001_-_2025.pdf", "ementa": "DISP\u00d5E SOBRE O DESMEMBRAMENTO E UNIFICA\u00c7\u00c3O DE SECRETARIAS NA ESTRUTURA ADMINISTRATIVA MUNICIPAL DE GRANITO-PE E D\u00c1 OUTRAS PROVID\u00caNCIAS."}, {"id": "46", "ano": "2025", "numero": "2", "tipo__sigla": "PLO", "tipo__descricao": "Projeto de Lei Ordin\u00e1ria do Executivo", "autoria": "Executivo Municipal - PREF", "texto_original": "http://sapl.granito.pe.leg.br/media/sapl/public/materialegislativa/2025/46/pl_02_2025.pdf", "ementa": "DISP\u00d5E SOBRE A CRIA\u00c7\u00c3O E REGULAMENTA\u00c7\u00c3O DO CONSELHO DAS PESSOAS COM DEFICI\u00caNCIA \u2013CMDPcD NO \u00c2MBITO DO MUNIC\u00cdPIO DE GRANITO-PE, REGULAMENTA AS POL\u00cdTICAS DE ATENDIMENTOS E SERVI\u00c7OS \u00c0S PESSOAS COM DEFICI\u00caNCIAS E CRIA O FUNDO MUNICIPAL DOS DIREITOS DA PESSOA COM DEFICI\u00caNCIA - FMDPcD E D\u00c1 OUTRAS PROVID\u00caNCIAS."}, {"id": "48", "ano": "2025", "numero": "3", "tipo__sigla": "PLO", "tipo__descricao": "Projeto de Lei Ordin\u00e1ria do Executivo", "autoria": "Executivo Municipal - PREF", "texto_original": "http://sapl.granito.pe.leg.br/media/sapl/public/materialegislativa/2025/48/pl_03_2025.pdf", "ementa": "DISP\u00d5E SOBRE A ALTERA\u00c7\u00c3O DE ARTIGOS DA LEI N\u00ba 489/2024 QUE CRIA OS COMPONENTES DO SISTEMA NACIONAL DE SEGURAN\u00c7A ALIMENTAR DO MUNIC\u00cdPIO DE GRANITO, ESTADO DE PERNAMBUCO."}, {"id": "44", "ano": "2025", "numero": "4", "tipo__sigla": "PLO", "tipo__descricao": "Projeto de Lei Ordin\u00e1ria do Executivo", "autoria": "Executivo Municipal - PREF", "texto_original": "http://sapl.granito.pe.leg.br/media/sapl/public/materialegislativa/2025/44/pl_04_2025.pdf", "ementa": "DISP\u00d5E SOBRE A ALTERA\u00c7\u00c3O DE ARTIGOS DA LEI N\u00ba 266/2011 QUE CRIA O CONSELHO MUNICIPAL DE DIREITOS DA MULHER"}, {"id": "102", "ano": "2025", "numero": "7", "tipo__sigla": "PLO", "tipo__descricao": "Projeto de Lei Ordin\u00e1ria do Executivo", "autoria": "Executivo Municipal - PREF", "texto_original": "http://sapl.granito.pe.leg.br/media/sapl/public/materialegislativa/2025/102/projeto_de_lei_n_007-2025_-_altera_a_redacao_do_artigo_6o_da_lei_no_368_de_16_de_novembro_de_2017_1.pdf", "ementa": "ALTERA A REDA\u00c7\u00c3O DO ARTIGO 6\u00ba DA LEI N\u00ba 368 DE 16 DE NOVEMBRO DE 2017"}, {"id": "103", "ano": "2025", "numero": "8", "tipo__sigla": "PLO", "tipo__descricao": "Projeto de Lei Ordin\u00e1ria do Executivo", "autoria": "Executivo Municipal - PREF", "texto_original": "http://sapl.granito.pe.leg.br/media/sapl/public/materialegislativa/2025/103/projeto_de_lei_no_008-2025_-_cria_o_conselho_municipal_das_juventudes_no_municipio_de_granito_1.pdf", "ementa": "CRIA O CONSELHO MUNICIPAL DAS JUVENTUDES NO MUNIC\u00cdPIO DE GRANITO"}, {"id": "104", "ano": "2025", "numero": "9", "tipo__sigla": "PLO", "tipo__descricao": "Projeto de Lei Ordin\u00e1ria do Executivo", "autoria": "Executivo Municipal - PREF", "texto_original": "http://sapl.granito.pe.leg.br/media/sapl/public/materialegislativa/2025/104/projeto_de_lei_no_009-2025_-_institui_o_fundo_municipal_das_juventudes_no_municipio_de_granito_1.pdf", "ementa": "INSTITUI O FUNDO MUNICIPAL DAS JUVENTUDES NO MUNIC\u00cdPIO DE GRANITO"}, {"id": "105", "ano": "2025", "numero": "10", "tipo__sigla": "PLO", "tipo__descricao": "Projeto de Lei Ordin\u00e1ria do Executivo", "autoria": "Executivo Municipal - PREF", "texto_original": "http://sapl.granito.pe.leg.br/media/sapl/public/materialegislativa/2025/105/projeto_de_lei_no_010-2025_-_dispoe_sobre_a_politica_publica_de_assistencia_social_do_municipio_de_granito_1.pdf", "ementa": "DISP\u00d5E SOBRE A POL\u00cdTICA P\u00daBLICA DE ASSIST\u00caNCIA SOCIAL DO MUNIC\u00cdPIO DE GRANITO"}, {"id": "118", "ano": "2025", "numero": "11", "tipo__sigla": "PLO", "tipo__descricao": "Projeto de Lei Ordin\u00e1ria do Executivo", "autoria": "Executivo Municipal - PREF", "texto_original": "http://sapl.granito.pe.leg.br/media/sapl/public/materialegislativa/2025/118/projeto_de_lei_n_011_de_2025_-_qualificacao_de_entidades_como_organizacoes_sociais_1_1.pdf", "ementa": "DISP\u00d5E SOBRE A QUALIFICA\u00c7\u00c3O DE \r\nENTIDADES COMO ORGANIZA\u00c7\u00d5ES SOCIAIS E A \r\nCELEBRA\u00c7\u00c3O DE CONTRATO DE GEST\u00c3O NO \r\nMUNIC\u00cdPIO DE GRANITO-PE, E D\u00c1 OUTRAS \r\nPROVID\u00caNCIAS."}, {"id": "119", "ano": "2025", "numero": "12", "tipo__sigla": "PLO", "tipo__descricao": "Projeto de Lei Ordin\u00e1ria do Executivo", "autoria": "Executivo Municipal - PREF", "texto_original": "http://sapl.granito.pe.leg.br/media/sapl/public/materialegislativa/2025/119/projeto_de_lei_no_012-2025_-_autoriza_o_poder_executivo_a_abrir_credito_adicional_especial_no_orcamento_municipal.pdf", "ementa": "AUTORIZA O PODER EXECUTIVO A \r\nABRIR CR\u00c9DITO ADICIONAL ESPECIAL \r\nNO OR\u00c7AMENTO MUNICIPAL; E D\u00c1 \r\nOUTRAS PROVID\u00caNCIAS."}, {"id": "134", "ano": "2025", "numero": "13", "tipo__sigla": "PLO", "tipo__descricao": "Projeto de Lei Ordin\u00e1ria do Executivo", "autoria": "", "texto_original": "http://sapl.granito.pe.leg.br/media/sapl/public/materialegislativa/2025/134/projeto_de_lei_no_013-2025_-_dispoe_sobre_o_reajuste_do_valor_do_plantao_pago_aos_profissionais..pdf", "ementa": "DISP\u00d5E SOBRE O REAJUSTE DO VALOR PAGO POR PLANT\u00c3O AOS PROFISSIONAIS DE ENFERMAGEM NO \u00c2MBITO DO MUNIC\u00cdPIO DE GRANITO-PE, DE FORMA A ASSEGURAR A FORMA DE REAJUSTE AO SALARIO MINIMO VIGENTE, E D\u00c1 OUTRAS PROVID\u00caNCIAS."}, {"id": "140", "ano": "2025", "numero": "15", "tipo__sigla": "PLO", "tipo__descricao": "Projeto de Lei Ordin\u00e1ria do Executivo", "autoria": "Executivo Municipal - PREF", "texto_original": "http://sapl.granito.pe.leg.br/media/sapl/public/materialegislativa/2025/140/projeto_de_lei_no_015-2025_-_institui_a_carteira_de_identificacao_da_pessoa_com_transtorno_do_espectro_autista.pdf", "ementa": "INSTITUI A CARTEIRA DE\r\nIDENTIFICA\u00c7\u00c3O DA PESSOA COM\r\nTRANSTORNO DO ESPECTRO AUTISTA\r\n(CIPTEA) NO \u00c2MBITO DO MUNIC\u00cdPIO DE\r\nGRANITO/PE, ASSEGURA BENEF\u00cdCIOS E\r\nGARANTIAS \u00c0S PESSOAS COM TEA, E D\u00c1\r\nOUTRAS PROVID\u00caNCIAS."}, {"id": "141", "ano": "2025", "numero": "16", "tipo__sigla": "PLO", "tipo__descricao": "Projeto de Lei Ordin\u00e1ria do Executivo", "autoria": "Executivo Municipal - PREF", "texto_original": "http://sapl.granito.pe.leg.br/media/sapl/public/materialegislativa/2025/141/projeto_de_lei_no_016-2025_-_dispoe_sobre_a_obrigatoriedade_de_reserva_de_espaco_exclusivo_acessivel_e_seguro_para_pessoas_com_deficiencia.pdf", "ementa": "DISP\u00d5E SOBRE A OBRIGATORIEDADE DE\r\nRESERVA DE ESPA\u00c7O EXCLUSIVO,\r\nACESS\u00cdVEL E SEGURO PARA PESSOAS\r\nCOM DEFICI\u00caNCIA (PCD) EM EVENTOS\r\nDE GRANDE PORTE NO MUNIC\u00cdPIO DE\r\nGRANITO/PE, E D\u00c1 OUTRAS\r\nPROVID\u00caNCIAS."}, {"id": "147", "ano": "2025", "numero": "17", "tipo__sigla": "PLO", "tipo__descricao": "Projeto de Lei Ordin\u00e1ria do Executivo", "autoria": "Executivo Municipal - PREF", "texto_original": "http://sapl.granito.pe.leg.br/media/sapl/public/materialegislativa/2025/147/projeto_de_lei_no_017-2025_-_altera_a_redacao_do_artigo_5o_da_lei_no_451_de_19_de_agosto_de_2022_revoga_o_artigo_9o.pdf", "ementa": "ALTERA A REDA\u00c7\u00c3O DO ARTIGO 5\u00ba DA LEI N\u00ba 451 DE 19 DE AGOSTO DE 2022, REVOGA O ARTIGO 9\u00ba, E D\u00c1 OUTRAS PROVID\u00caNCIAS."}, {"id": "150", "ano": "2025", "numero": "18", "tipo__sigla": "PLO", "tipo__descricao": "Projeto de Lei Ordin\u00e1ria do Executivo", "autoria": "Executivo Municipal - PREF", "texto_original": "http://sapl.granito.pe.leg.br/media/sapl/public/materialegislativa/2025/150/projeto_de_lei_no_018-2025_-_dispoe_sobre_a_criacao_da_loteria_municipal_de_granito.pdf", "ementa": "DISP\u00d5E SOBRE A CRIA\u00c7\u00c3O DA LOTERIA MUNICIPAL DE GRANITO/PE E D\u00c1 OUTRAS PROVID\u00caNCIAS."}, {"id": "145", "ano": "2025", "numero": "19", "tipo__sigla": "PLO", "tipo__descricao": "Projeto de Lei Ordin\u00e1ria do Executivo", "autoria": "Executivo Municipal - PREF", "texto_original": "http://sapl.granito.pe.leg.br/media/sapl/public/materialegislativa/2025/145/projeto_de_lei_no_019-2025_-_altera_a_lei_municipal_no_469_de_19_de_junho_de_2023.pdf", "ementa": "ALTERA A LEI MUNICIPAL N\u00ba 469, DE 19 DE JUNHO DE 2023, QUE DISP\u00d5E SOBRE AS CONSIGNA\u00c7\u00d5ES EM FOLHA DE PAGAMENTO DA ADMINISTRA\u00c7\u00c3O DIRETA E INDIRETA DA PREFEITURA DE GRANITO/PE, E D\u00c1 OUTRAS PROVID\u00caNCIAS."}, {"id": "146", "ano": "2025", "numero": "20", "tipo__sigla": "PLO", "tipo__descricao": "Projeto de Lei Ordin\u00e1ria do Executivo", "autoria": "Executivo Municipal - PREF", "texto_original": "http://sapl.granito.pe.leg.br/media/sapl/public/materialegislativa/2025/146/projeto_de_lei_no_020-2025_-_criacao_do_conselho_municipal_de_defesa_dos_direitos_humanos.pdf", "ementa": "DISP\u00d5E SOBRE A CRIA\u00c7\u00c3O DO CONSELHO MUNICIPAL DE DEFESA DOS DIREITOS HUMANOS \u2013 CMDH, DO  MUNIC\u00cdPIO DE GRANITO/PE, E D\u00c1  OUTRAS PROVID\u00caNCIAS."}, {"id": "151", "ano": "2025", "numero": "22", "tipo__sigla": "PLO", "tipo__descricao": "Projeto de Lei Ordin\u00e1ria do Executivo", "autoria": "Executivo Municipal - PREF", "texto_original": "http://sapl.granito.pe.leg.br/media/sapl/public/materialegislativa/2025/151/ppa_2026_-granito.pdf", "ementa": "Disp\u00f5e sobre a elabora\u00e7\u00e3o do Plano Plurianual para o per\u00edodo 2026/2029 e d\u00e1 outras provid\u00eancias."}, {"id": "149", "ano": "2025", "numero": "23", "tipo__sigla": "PLO", "tipo__descricao": "Projeto de Lei Ordin\u00e1ria do Executivo", "autoria": "Executivo Municipal - PREF", "texto_original": "http://sapl.granito.pe.leg.br/media/sapl/public/materialegislativa/2025/149/projeto_de_lei_no_023-2025_-_autoriza_o_poder_executivo_a_abrir_credito_adicional_especial_no_orcamento_municipal.pdf", "ementa": "AUTORIZA O PODER EXECUTIVO A ABRIR CR\u00c9DITO ADICIONAL ESPECIAL NO OR\u00c7AMENTO MUNICIPAL; E D\u00c1 OUTRAS PROVID\u00caNCIAS."}, {"id": "162", "ano": "2025", "numero": "24", "tipo__sigla": "PLO", "tipo__descricao": "Projeto de Lei Ordin\u00e1ria do Executivo", "autoria": "Executivo Municipal - PREF", "texto_original": "http://sapl.granito.pe.leg.br/media/sapl/public/materialegislativa/2025/162/projeto_de_lei_no_024-2025_-_cria_a_coordenacao_de_politicas_publicas_etnico-raciais_no_ambito_do_municipio_de_granito_1_1.pdf", "ementa": "CRIA A COORDENA\u00c7\u00c3O DE POL\u00cdTICAS P\u00daBLICAS \u00c9TNICO-RACIAIS NO \u00c2MBITO DO MUNIC\u00cdPIO DE GRANITO, ESTADO DE PERNAMBUCO, E D\u00c1 OUTRAS PROVID\u00caNCIAS."}, {"id": "163", "ano": "2025", "numero": "25", "tipo__sigla": "PLO", "tipo__descricao": "Projeto de Lei Ordin\u00e1ria do Executivo", "autoria": "Executivo Municipal - PREF", "texto_original": "http://sapl.granito.pe.leg.br/media/sapl/public/materialegislativa/2025/163/projeto_de_lei_no_025-2025_-_dispoe_sobre_a_ampliacao_do_numero_de_vagas_dos_cargos_de_tecnico_de_enfermagem_fisioterapeuta_e_psicologo_1_1.pdf", "ementa": "DISP\u00d5E SOBRE A AMPLIA\u00c7\u00c3O DO N\u00daMERO DE VAGAS DOS CARGOS DE T\u00c9CNICO DE ENFERMAGEM, FISIOTERAPEUTA E PSIC\u00d3LOGO, NO \u00c2MBITO DA ESTRUTURA ADMINISTRATIVA DO PODER EXECUTIVO MUNICIPAL DE GRANITO, E D\u00c1 OUTRAS PROVID\u00caNCIAS."}, {"id": "164", "ano": "2025", "numero": "26", "tipo__sigla": "PLO", "tipo__descricao": "Projeto de Lei Ordin\u00e1ria do Executivo", "autoria": "Executivo Municipal - PREF", "texto_original": "http://sapl.granito.pe.leg.br/media/sapl/public/materialegislativa/2025/164/projeto_de_lei_no_026-2025_-_dispoe_sobre_o_parcelamento_de_debitos_do_municipio_de_granito_com_seu_rpps.pdf", "ementa": "DISP\u00d5E SOBRE O PARCELAMENTO DE D\u00c9BITOS DO MUNIC\u00cdPIO DE GRANITO/PE COM SEU REGIME PR\u00d3PRIO DE PREVID\u00caNCIA SOCIAL \u2013 RPPS."}, {"id": "49", "ano": "2025", "numero": "1", "tipo__sigla": "PLG", "tipo__descricao": "Projeto de Lei Ordin\u00e1ria do Legislativo", "autoria": "Gabriel Duarte", "texto_original": "http://sapl.granito.pe.leg.br/media/sapl/public/materialegislativa/2025/49/projeto_lei_municipal_regionalizacao_granito.pdf", "ementa": "Disp\u00f5e sobre a regionaliza\u00e7\u00e3o das licita\u00e7\u00f5es p\u00fablicas no \u00e2mbito do Munic\u00edpio de GRANITO, e d\u00e1 outras provid\u00eancias."}, {"id": "51", "ano": "2025", "numero": "2", "tipo__sigla": "PLG", "tipo__descricao": "Projeto de Lei Ordin\u00e1ria do Legislativo", "autoria": "Aur\u00edlio Lacerda", "texto_original": "http://sapl.granito.pe.leg.br/media/sapl/public/materialegislativa/2025/51/pl_002_2025_semana_do_autismo.pdf", "ementa": "Disp\u00f5e sobre a Institui\u00e7\u00e3o da Semana Municipal de Conscientiza\u00e7\u00e3o Sobre o Autismo e d\u00e1 outras provid\u00eancias"}, {"id": "60", "ano": "2025", "numero": "3", "tipo__sigla": "PLG", "tipo__descricao": "Projeto de Lei Ordin\u00e1ria do Legislativo", "autoria": "Aur\u00edlio Lacerda", "texto_original": "http://sapl.granito.pe.leg.br/media/sapl/public/materialegislativa/2025/60/pl_feira_do_gado.pdf", "ementa": "DISP\u00d5E SOBRE A DENOMINA\u00c7\u00c3O DO PARQUE DE FEIRA AGROPECU\u00c1RIA DO MUNIC\u00cdPIO DE GRANITO-PE COMO \"PARQUE DE FEIRA AGROPECU\u00c1RIA ANTONIO LACERDA DE ALENCAR\" E D\u00c1 OUTRAS PROVID\u00caNCIAS."}, {"id": "67", "ano": "2025", "numero": "4", "tipo__sigla": "PLG", "tipo__descricao": "Projeto de Lei Ordin\u00e1ria do Legislativo", "autoria": "J\u00fanior Leonel", "texto_original": "http://sapl.granito.pe.leg.br/media/sapl/public/materialegislativa/2025/67/pl_004_2025_poder_legislativo.pdf", "ementa": "INSTITUI O PR\u00caMIO MULHER DESTAQUE NO MUNIC\u00cdPIO DE GRANITO-PE E PROVID\u00caNCIAS."}, {"id": "61", "ano": "2025", "numero": "5", "tipo__sigla": "PLG", "tipo__descricao": "Projeto de Lei Ordin\u00e1ria do Legislativo", "autoria": "Aur\u00edlio Lacerda", "texto_original": "http://sapl.granito.pe.leg.br/media/sapl/public/materialegislativa/2025/61/pl_reforco_escolar.pdf", "ementa": "Institui o Sistema de Refor\u00e7o Escolar no munic\u00edpio de Granito e d\u00e1 outras provid\u00eancias."}, {"id": "63", "ano": "2025", "numero": "6", "tipo__sigla": "PLG", "tipo__descricao": "Projeto de Lei Ordin\u00e1ria do Legislativo", "autoria": "Rozali Oliveira", "texto_original": "http://sapl.granito.pe.leg.br/media/sapl/public/materialegislativa/2025/63/doc-20250319-wa0051._1.pdf", "ementa": "Institui a Carteira de Identifica\u00e7\u00e3o da Pessoa\r\n com Transtorno do Espectro Autista (CIPTEA)\r\n no \u00e2mbito do Munic\u00edpio de Granito-PE, em\r\n conformidade com a Lei Federal n\u00ba 13.977, de\r\n 08 de janeiro de 2020 e d\u00e1 outras provid\u00eancias."}, {"id": "66", "ano": "2025", "numero": "7", "tipo__sigla": "PLG", "tipo__descricao": "Projeto de Lei Ordin\u00e1ria do Legislativo", "autoria": "Aur\u00edlio Lacerda", "texto_original": "http://sapl.granito.pe.leg.br/media/sapl/public/materialegislativa/2025/66/pl_banheiros.pdf", "ementa": "DISP\u00d5E SOBRE A CONSTRU\u00c7\u00c3O DE BANHEIROS P\u00daBLICOS PARA ATENDER AS NECESSIDADES DOS FEIRANTES, COMERCIANTES E DEMAIS POPULARES DOMUNIC\u00cdPIO DE GRANITO."}, {"id": "68", "ano": "2025", "numero": "8", "tipo__sigla": "PLG", "tipo__descricao": "Projeto de Lei Ordin\u00e1ria do Legislativo", "autoria": "F\u00e1tima do Sindicato", "texto_original": "http://sapl.granito.pe.leg.br/media/sapl/public/materialegislativa/2025/68/pl_008_2025_poder_legislativo.pdf", "ementa": "DISP\u00d5E SOBRE A CONSTRU\u00c7\u00c3O E DENOMINA\u00c7\u00c3O DO P\u00c1TIO DE EVENTOS LOCALIZADO NA ANTIGA QUADRA DO DISTRITO DE RANCHARIA, MUNIC\u00cdPIO DE GRANITO-PE, E D\u00c1 OUTRAS PROVID\u00caNCIAS."}, {"id": "135", "ano": "2025", "numero": "9", "tipo__sigla": "PLG", "tipo__descricao": "Projeto de Lei Ordin\u00e1ria do Legislativo", "autoria": "Partido dos Trabalhadores (PT)", "texto_original": "http://sapl.granito.pe.leg.br/media/sapl/public/materialegislativa/2025/135/pl_009_2025_poder_legislativo.pdf", "ementa": "DISP\u00d5E SOBRE A DENOMINA\u00c7\u00c3O DA COZINHA COMUNIT\u00c1RIA DO DISTRITO RANCHARIA, NO MUNIC\u00cdPIO DE GRANITO-PE, COM O NOME DE \u201cCOZINHA COMUNIT\u00c1RIA ANT\u00d4NIA MARIA L\u00cdRIO\u201d E D\u00c1 OUTRAS PROVID\u00caNCIAS."}, {"id": "136", "ano": "2025", "numero": "10", "tipo__sigla": "PLG", "tipo__descricao": "Projeto de Lei Ordin\u00e1ria do Legislativo", "autoria": "Aur\u00edlio Lacerda", "texto_original": "http://sapl.granito.pe.leg.br/media/sapl/public/materialegislativa/2025/136/pl_010_2025_poder_legislativo.pdf", "ementa": "Disp\u00f5e sobre a oficializa\u00e7\u00e3o do pseud\u00f4nimo \u201cGranito, Terra da M\u00e3e do Bom Conselho\u201d como express\u00e3o da identidade cultural, hist\u00f3rica e religiosa do Munic\u00edpio de Granito-PE, e d\u00e1 outras provid\u00eancias."}, {"id": "142", "ano": "2025", "numero": "11", "tipo__sigla": "PLG", "tipo__descricao": "Projeto de Lei Ordin\u00e1ria do Legislativo", "autoria": "Aur\u00edlio Lacerda", "texto_original": "http://sapl.granito.pe.leg.br/media/sapl/public/materialegislativa/2025/142/pl_011_2025_-_institui_o_premio_de_bonificacao_por_desempenho_escolar.pdf", "ementa": "Institui o Pr\u00eamio de Bonifica\u00e7\u00e3o por Desempenho Escolar \u2013 BDE (Pr\u00eamio IDEB), para os servidores integrantes das classes que especifica, no \u00e2mbito da Rede P\u00fablica Municipal de Ensino de Granito/PE, e adota outras provid\u00eancias."}, {"id": "152", "ano": "2025", "numero": "12", "tipo__sigla": "PLG", "tipo__descricao": "Projeto de Lei Ordin\u00e1ria do Legislativo", "autoria": "Aur\u00edlio Lacerda", "texto_original": "http://sapl.granito.pe.leg.br/media/sapl/public/materialegislativa/2025/152/pl_012_2025_-_dispoe_sobre_a_proibicao_de_circulacao_de_animais_soltos_em_vias_publicas.pdf", "ementa": "Disp\u00f5e sobre a proibi\u00e7\u00e3o de circula\u00e7\u00e3o de animais soltos em vias p\u00fablicas no \u00e2mbito do Munic\u00edpio de Granito/PE, estabelece responsabilidade e penalidades aos propriet\u00e1rios e d\u00e1 outras provid\u00eancias."}, {"id": "153", "ano": "2025", "numero": "13", "tipo__sigla": "PLG", "tipo__descricao": "Projeto de Lei Ordin\u00e1ria do Legislativo", "autoria": "Aur\u00edlio Lacerda", "texto_original": "http://sapl.granito.pe.leg.br/media/sapl/public/materialegislativa/2025/153/pl_013_2025_-_dispoe_sobre_a_implantacao_manutencao_e_ampliacao_da_sinalizacao_de_transito_no_municipio_de_granito-pe_e_da_outras_providencias.pdf", "ementa": "Disp\u00f5e sobre a implanta\u00e7\u00e3o, manuten\u00e7\u00e3o e amplia\u00e7\u00e3o da sinaliza\u00e7\u00e3o de tr\u00e2nsito no Munic\u00edpio de Granito/PE e d\u00e1 outras provid\u00eancias."}, {"id": "154", "ano": "2025", "numero": "14", "tipo__sigla": "PLG", "tipo__descricao": "Projeto de Lei Ordin\u00e1ria do Legislativo", "autoria": "Aur\u00edlio Lacerda", "texto_original": "http://sapl.granito.pe.leg.br/media/sapl/public/materialegislativa/2025/154/pl_014_2025_-_dispoe_sobre_a_implantacao_de_portal_de_entrada_no_distrito_de_bela_vista_no_municipio_de_granito_pe_e_da_outras_providencias..pdf", "ementa": "Disp\u00f5e sobre a implanta\u00e7\u00e3o de portal de entrada no Distrito de Bela Vista no Munic\u00edpio de Granito/PE e d\u00e1 outras provid\u00eancias."}, {"id": "155", "ano": "2025", "numero": "15", "tipo__sigla": "PLG", "tipo__descricao": "Projeto de Lei Ordin\u00e1ria do Legislativo", "autoria": "Aur\u00edlio Lacerda", "texto_original": "http://sapl.granito.pe.leg.br/media/sapl/public/materialegislativa/2025/155/pl_015_2025_-_dispoe_sobre_a_renovacao_da_identificacao_das_vias_publicas_e_a_denominacao_das_ruas_ainda_nao_nomeadas_no_municipio_de_granito_pe_incluindo_os_distritos_de_bela_vista_rancharia_e_lagoa_nova_e_da_outras_providencias.pdf", "ementa": "Disp\u00f5e sobre a renova\u00e7\u00e3o da identifica\u00e7\u00e3o das vias p\u00fablicas e a denomina\u00e7\u00e3o das ruas ainda n\u00e3o nomeadas no Munic\u00edpio de Granito/PE, incluindo os distritos de Bela Vista, Rancharia e Lagoa Nova, e d\u00e1 outras provid\u00eancias."}, {"id": "57", "ano": "2025", "numero": "1", "tipo__sigla": "EME", "tipo__descricao": "Emenda", "autoria": "Rozali Oliveira", "texto_original": "http://sapl.granito.pe.leg.br/media/sapl/public/materialegislativa/2025/57/documento_sem_titulo_assinado_assinado.pdf", "ementa": "ADITIVA ACRESCENTANDO DISPOSITIVOS AO PROJETO DE LEI DO LEGISLATIVO N\u00ba 002/2025."}, {"id": "159", "ano": "2025", "numero": "2", "tipo__sigla": "EME", "tipo__descricao": "Emenda", "autoria": "", "texto_original": "http://sapl.granito.pe.leg.br/media/sapl/public/materialegislativa/2025/159/emenda_modificativa_nba_02_2025_assinado_assinado_assinado.pdf", "ementa": "Altera a reda\u00e7\u00e3o da al\u00ednea \u201ca\u201d do Art. 8\u00ba do Projeto de Lei n\u00ba 021/2025, que Estima a RECEITA e fixa a DESPESA do Munic\u00edpio para o exerc\u00edcio financeiro de 2026."}, {"id": "52", "ano": "2025", "numero": "1", "tipo__sigla": "IND", "tipo__descricao": "Indica\u00e7\u00e3o", "autoria": "Gabriel Duarte", "texto_original": "http://sapl.granito.pe.leg.br/media/sapl/public/materialegislativa/2025/52/0001_2025_-_indicacao_implantacao_melhoria_sanitarias.pdf", "ementa": "Indica\u00e7\u00e3o para a implanta\u00e7\u00e3o de melhorias sanit\u00e1rias domiciliares (MSD) no munic\u00edpio de Granito-PE"}, {"id": "55", "ano": "2025", "numero": "2", "tipo__sigla": "IND", "tipo__descricao": "Indica\u00e7\u00e3o", "autoria": "Gabriel Duarte", "texto_original": "http://sapl.granito.pe.leg.br/media/sapl/public/materialegislativa/2025/55/002_indicacao_guarita.pdf", "ementa": "Indica ao Chefe do Poder Executivo a necessidade de constru\u00e7\u00e3o de guarita para prote\u00e7\u00e3o de mototaxistas na Avenida Jos\u00e9 Saraiva Xavier."}, {"id": "75", "ano": "2025", "numero": "3", "tipo__sigla": "IND", "tipo__descricao": "Indica\u00e7\u00e3o", "autoria": "Gabriel Duarte", "texto_original": "http://sapl.granito.pe.leg.br/media/sapl/public/materialegislativa/2025/75/003_indicacao_-estrutura_cobertura_metalica_quadra_da_escola_helena_lopes.pdf", "ementa": "Francisco Duarte Gabriel, Vereador(a) da C\u00e2mara Municipal de Granito-PE, com assento nesta Casa Legislativa, no uso das atribui\u00e7\u00f5es que lhe confere o Regimento Interno, vem respeitosamente apresentar a presente INDICA\u00c7\u00c3O, solicitando ao Poder Executivo, por meio da Secretaria Municipal de Educa\u00e7\u00e3o e demais \u00f3rg\u00e3os competentes, que sejam envidados esfor\u00e7os para a execu\u00e7\u00e3o da cobertura com estrutura met\u00e1lica da quadra poliesportiva da Escola Municipal Helena Lopes de Souza, localizada em Av. Jose Saraiva Xavier, no cal\u00e7ad\u00e3o da cidade."}, {"id": "56", "ano": "2025", "numero": "4", "tipo__sigla": "IND", "tipo__descricao": "Indica\u00e7\u00e3o", "autoria": "Gabriel Duarte", "texto_original": "http://sapl.granito.pe.leg.br/media/sapl/public/materialegislativa/2025/56/004_indicacao_-_estrada_granito_moreilandia-assinado.pdf", "ementa": "Indica\u00e7\u00e3o \u00e0 Excelent\u00edssima Senhora Governadora do Estado de Pernambuco, Raquel Lyra, e ao Excelent\u00edssimo Senhor Secret\u00e1rio de Mobilidade e Infraestrutura, Diogo Bezerra, para inclus\u00e3o da obra de implanta\u00e7\u00e3o e pavimenta\u00e7\u00e3o da rodovia PE-520, trecho: Entr. PE-507 (p/ Moreil\u00e2ndia) \u2013 Entr. PE-540 (Granito), no programa PE na Estrada, e sua implanta\u00e7\u00e3o e execu\u00e7\u00e3o."}, {"id": "58", "ano": "2025", "numero": "5", "tipo__sigla": "IND", "tipo__descricao": "Indica\u00e7\u00e3o", "autoria": "Aur\u00edlio Lacerda", "texto_original": "http://sapl.granito.pe.leg.br/media/sapl/public/materialegislativa/2025/58/indicacao_005_2025.docx.pdf", "ementa": "Indica ao Executivo Municipal a ado\u00e7\u00e3o e fornecimento da confec\u00e7\u00e3o das carteiras de identifica\u00e7\u00e3o para crian\u00e7as e pessoas com Transtorno do Espectro Autista (TEA) no munic\u00edpio de Granito."}, {"id": "59", "ano": "2025", "numero": "6", "tipo__sigla": "IND", "tipo__descricao": "Indica\u00e7\u00e3o", "autoria": "Aur\u00edlio Lacerda", "texto_original": "http://sapl.granito.pe.leg.br/media/sapl/public/materialegislativa/2025/59/indicacao_feira_do_gado.pdf", "ementa": "Indica ao Executivo Municipal a nomea\u00e7\u00e3o do Parque de Feira Agropecu\u00e1ria, localizado no distrito de Bela Vista, em homenagem ao Senhor Ant\u00f4nio Lacerda de Alencar, reconhecendo sua significativa contribui\u00e7\u00e3o para a agricultura e o desenvolvimento rural do munic\u00edpio de Granito."}, {"id": "74", "ano": "2025", "numero": "7", "tipo__sigla": "IND", "tipo__descricao": "Indica\u00e7\u00e3o", "autoria": "Aur\u00edlio Lacerda", "texto_original": "http://sapl.granito.pe.leg.br/media/sapl/public/materialegislativa/2025/74/indicacao_007_2025.pdf", "ementa": "Sugere ao Poder Executivo Municipal a constru\u00e7\u00e3o de banheiros p\u00fablicos para atender \u00e0s necessidades dos feirantes, comerciantes e demais populares no munic\u00edpio de Granito."}, {"id": "76", "ano": "2025", "numero": "8", "tipo__sigla": "IND", "tipo__descricao": "Indica\u00e7\u00e3o", "autoria": "F\u00e1tima do Sindicato", "texto_original": "http://sapl.granito.pe.leg.br/media/sapl/public/materialegislativa/2025/76/indicacao_008_.pdf", "ementa": "Sugere ao Poder Executivo a constru\u00e7\u00e3o e denomina\u00e7\u00e3o de um P\u00e1tio de Eventos no local da antiga quadra do Distrito de Rancharia, no Munic\u00edpio de Granito-PE."}, {"id": "77", "ano": "2025", "numero": "9", "tipo__sigla": "IND", "tipo__descricao": "Indica\u00e7\u00e3o", "autoria": "Aur\u00edlio Lacerda", "texto_original": "http://sapl.granito.pe.leg.br/media/sapl/public/materialegislativa/2025/77/indicacao_009_2025_-_comissao.pdf", "ementa": "Solicita a cria\u00e7\u00e3o de uma Comiss\u00e3o Municipal de Fiscaliza\u00e7\u00e3o de Animais de M\u00e9dio e Grande Porte Soltos em Vias P\u00fablicas."}, {"id": "78", "ano": "2025", "numero": "10", "tipo__sigla": "IND", "tipo__descricao": "Indica\u00e7\u00e3o", "autoria": "Aur\u00edlio Lacerda", "texto_original": "http://sapl.granito.pe.leg.br/media/sapl/public/materialegislativa/2025/78/indicacao_010_2025_-_rodovia.pdf", "ementa": "Solicita ao Prefeito Municipal que requeira \u00e0 Governadora do Estado de Pernambuco a implanta\u00e7\u00e3o de sinaliza\u00e7\u00f5es e servi\u00e7os de capina\u00e7\u00e3o na PE-520 \u2013 Rodovia Prefeito Givaldo Sampaio."}, {"id": "79", "ano": "2025", "numero": "11", "tipo__sigla": "IND", "tipo__descricao": "Indica\u00e7\u00e3o", "autoria": "Rozali Oliveira", "texto_original": "http://sapl.granito.pe.leg.br/media/sapl/public/materialegislativa/2025/79/indicacao_51_assinado.pdf", "ementa": "A Vereadora ROZALI EUFRAUSINA DE OLIVEIRA, que a presente subscreve, no regular uso\r\nde sua fun\u00e7\u00e3o legislativa auxiliar, consoante lhe faculta o artigo 102 do Regimento Interno\r\ndesta Casa, vem atrav\u00e9s da presente, INDICAR, ao Sr. Prefeito Municipal de Granito, que\r\nseja viabilizado uma casa de apoio na cidade de Ouricuri-PE, para dar mais conforto e\r\nseguran\u00e7a aos nossos acompanhantes e mun\u00edcipes, que muitas vezes precisam ficar muito\r\ntempo aguardando atendimento do Hospital Regional Fernando Bezerra, sem ter um local\r\nadequado para ficar."}, {"id": "80", "ano": "2025", "numero": "12", "tipo__sigla": "IND", "tipo__descricao": "Indica\u00e7\u00e3o", "autoria": "Aur\u00edlio Lacerda", "texto_original": "http://sapl.granito.pe.leg.br/media/sapl/public/materialegislativa/2025/80/indicacao_012_2025.docx.pdf", "ementa": "Solicita a implanta\u00e7\u00e3o de uma balan\u00e7a de pesagem no Parque de Feira Agropecu\u00e1ria Ant\u00f4nio Lacerda de Alencar, no Distrito de Bela Vista."}, {"id": "81", "ano": "2025", "numero": "13", "tipo__sigla": "IND", "tipo__descricao": "Indica\u00e7\u00e3o", "autoria": "Aur\u00edlio Lacerda", "texto_original": "http://sapl.granito.pe.leg.br/media/sapl/public/materialegislativa/2025/81/indicacao_014_2025.docx.pdf", "ementa": "Solicita a constru\u00e7\u00e3o de uma passagem molhada na comunidade do S\u00edtio Areias, zona rural de Granito-PE."}, {"id": "82", "ano": "2025", "numero": "14", "tipo__sigla": "IND", "tipo__descricao": "Indica\u00e7\u00e3o", "autoria": "Aur\u00edlio Lacerda", "texto_original": "http://sapl.granito.pe.leg.br/media/sapl/public/materialegislativa/2025/82/indicacao_013_2025.docx.pdf", "ementa": "Solicita a constru\u00e7\u00e3o de uma passagem molhada na comunidade do S\u00edtio Miudinho, zona rural de Granito-PE."}, {"id": "87", "ano": "2025", "numero": "15", "tipo__sigla": "IND", "tipo__descricao": "Indica\u00e7\u00e3o", "autoria": "J\u00fanior Leonel", "texto_original": "http://sapl.granito.pe.leg.br/media/sapl/public/materialegislativa/2025/87/15.pdf", "ementa": "Sugere ao Poder Executivo Municipal a IMPLANTA\u00c7\u00c3O DO PROGRAMA SA\u00daDE FISICA NA TERCEIRA IDADE - Granito-Pe."}, {"id": "88", "ano": "2025", "numero": "16", "tipo__sigla": "IND", "tipo__descricao": "Indica\u00e7\u00e3o", "autoria": "J\u00fanior Leonel", "texto_original": "http://sapl.granito.pe.leg.br/media/sapl/public/materialegislativa/2025/88/16.pdf", "ementa": "Sugere ao Poder Executivo Municipal a Disponibiliza\u00e7\u00e3o e/ou ativa\u00e7\u00e3o da ilumina\u00e7\u00e3o p\u00fablica nos postes situados em frente \u00c0s resid\u00eancias da zona rural do nosso munic\u00edpio."}, {"id": "89", "ano": "2025", "numero": "17", "tipo__sigla": "IND", "tipo__descricao": "Indica\u00e7\u00e3o", "autoria": "J\u00fanior Leonel", "texto_original": "http://sapl.granito.pe.leg.br/media/sapl/public/materialegislativa/2025/89/ind_sinalizacao_17_assinado.pdf", "ementa": "Sugere ao Poder Executivo Municipal a a devida sinaliza\u00e7\u00e3o nas entradas dos distritos, comunidades rurais, assentamentos e territ\u00f3rios ribeirinhos do munic\u00edpio de Granito."}, {"id": "90", "ano": "2025", "numero": "18", "tipo__sigla": "IND", "tipo__descricao": "Indica\u00e7\u00e3o", "autoria": "J\u00fanior Leonel", "texto_original": "http://sapl.granito.pe.leg.br/media/sapl/public/materialegislativa/2025/90/ind_cursos_rurais_18_assinado.pdf", "ementa": "Sugere ao Poder Executivo Municipal a IMPLANTA\u00c7\u00c3O DO PROJETOS DE EDUCA\u00c7\u00c3O VOLTADOS AOS JOVENS DA ZONA RURAL, cursos profissionalizantes espec\u00edficos para o campo."}, {"id": "91", "ano": "2025", "numero": "19", "tipo__sigla": "IND", "tipo__descricao": "Indica\u00e7\u00e3o", "autoria": "F\u00e1tima do Sindicato", "texto_original": "http://sapl.granito.pe.leg.br/media/sapl/public/materialegislativa/2025/91/indicacao_019_2025.pdf", "ementa": "Que seja realizada, com urg\u00eancia, a reforma da passagem molhada localizada no S\u00edtio Alecrim de Baixo, zona rural deste munic\u00edpio."}, {"id": "92", "ano": "2025", "numero": "20", "tipo__sigla": "IND", "tipo__descricao": "Indica\u00e7\u00e3o", "autoria": "F\u00e1tima do Sindicato", "texto_original": "http://sapl.granito.pe.leg.br/media/sapl/public/materialegislativa/2025/92/indicacao_020_2025.pdf", "ementa": "Que seja realizada a reforma do portal de entrada do distrito de Rancharia."}, {"id": "93", "ano": "2025", "numero": "21", "tipo__sigla": "IND", "tipo__descricao": "Indica\u00e7\u00e3o", "autoria": "Ana Maria", "texto_original": "http://sapl.granito.pe.leg.br/media/sapl/public/materialegislativa/2025/93/indicacao_21_2025.pdf", "ementa": "Indica ao Excelent\u00edssimo Senhor Prefeito Municipal de Granito, George Washington Pereira Alencar, que determine \u00e0 Secretaria competente a cria\u00e7\u00e3o e implanta\u00e7\u00e3o de um espa\u00e7o f\u00edsico estruturado para recolhimento, guarda e manejo de animais de m\u00e9dio e grande porte, bem como de c\u00e3es e gatos, que forem apreendidos em vias p\u00fablicas urbanas e rurais, em conformidade com o Decreto Municipal n\u00ba 009/2025 e a Lei Municipal n\u00ba 049/1998."}, {"id": "94", "ano": "2025", "numero": "22", "tipo__sigla": "IND", "tipo__descricao": "Indica\u00e7\u00e3o", "autoria": "Ana Maria", "texto_original": "http://sapl.granito.pe.leg.br/media/sapl/public/materialegislativa/2025/94/indicacao_22_2025.pdf", "ementa": "Indica ao Excelent\u00edssimo Senhor Prefeito do Munic\u00edpio de Granito, George Washington Pereira Alencar, que determine ao setor competente a instala\u00e7\u00e3o de gradil de prote\u00e7\u00e3o no cal\u00e7ad\u00e3o localizado em frente \u00e0 Escola Helena Lopes, situada na Avenida Jos\u00e9 Saraiva Xavier, com o objetivo de garantir a seguran\u00e7a dos estudantes no momento da sa\u00edda escolar."}, {"id": "101", "ano": "2025", "numero": "23", "tipo__sigla": "IND", "tipo__descricao": "Indica\u00e7\u00e3o", "autoria": "Gabriel Duarte", "texto_original": "http://sapl.granito.pe.leg.br/media/sapl/public/materialegislativa/2025/101/0023_5_indicacao_desfile_rozalvo_xavier.pdf", "ementa": "Sugere ao Poder Executivo Municipal a inclus\u00e3o do nome de ROZALVO GRANGEIRO XAVIER no \"Desfile dos Vaqueiros\" do S\u00e3o Jo\u00e3o de Granito, a partir da edi\u00e7\u00e3o de 2025, em mem\u00f3ria e reconhecimento \u00e0 sua relevante contribui\u00e7\u00e3o para o evento e para o munic\u00edpio."}, {"id": "106", "ano": "2025", "numero": "24", "tipo__sigla": "IND", "tipo__descricao": "Indica\u00e7\u00e3o", "autoria": "J\u00fanior Leonel", "texto_original": "http://sapl.granito.pe.leg.br/media/sapl/public/materialegislativa/2025/106/0024_-_indicacao.pdf", "ementa": "Solicita a constru\u00e7\u00e3o de uma passagem molhada na comunidade do s\u00edtio Alecrim de cima Granito-PE."}, {"id": "107", "ano": "2025", "numero": "25", "tipo__sigla": "IND", "tipo__descricao": "Indica\u00e7\u00e3o", "autoria": "J\u00fanior Leonel", "texto_original": "http://sapl.granito.pe.leg.br/media/sapl/public/materialegislativa/2025/107/0025_-_indicacao.pdf", "ementa": "Solicita a Revitaliza\u00e7\u00e3o e amplia\u00e7\u00e3o da passagem molhada do s\u00edtio Alecrim de baixo Granito-PE."}, {"id": "108", "ano": "2025", "numero": "26", "tipo__sigla": "IND", "tipo__descricao": "Indica\u00e7\u00e3o", "autoria": "J\u00fanior Leonel", "texto_original": "http://sapl.granito.pe.leg.br/media/sapl/public/materialegislativa/2025/108/0026_-_indicacao.pdf", "ementa": "Solicita a Constru\u00e7\u00e3o de Passagem Molhada no Riacho do Distrito de Rancharia que da acesso as comunidades do S\u00edtio Mandacaru, Barrinha e Cedro."}, {"id": "109", "ano": "2025", "numero": "27", "tipo__sigla": "IND", "tipo__descricao": "Indica\u00e7\u00e3o", "autoria": "J\u00fanior Leonel", "texto_original": "http://sapl.granito.pe.leg.br/media/sapl/public/materialegislativa/2025/109/0027_-_indicacao.pdf", "ementa": "Sugere ao Poder Executivo Municipal a implanta\u00e7\u00e3o do uso de tablets para a realiza\u00e7\u00e3o de avalia\u00e7\u00f5es escolares na Rede Municipal de Ensino, com sistema integrado de corre\u00e7\u00e3o autom\u00e1tica e gera\u00e7\u00e3o imediata de resultados. GRANITO-PE."}, {"id": "110", "ano": "2025", "numero": "28", "tipo__sigla": "IND", "tipo__descricao": "Indica\u00e7\u00e3o", "autoria": "Aur\u00edlio Lacerda", "texto_original": "http://sapl.granito.pe.leg.br/media/sapl/public/materialegislativa/2025/110/indicacao_028_2025.pdf", "ementa": "Indica ao Excelent\u00edssimo Senhor Prefeito do Munic\u00edpio de Granito-PE, George de Sidney, que sejam criados espa\u00e7os especiais e priorit\u00e1rios para pessoas com neurodiverg\u00eancias em todos os eventos promovidos pelo munic\u00edpio, especialmente na ExpoGranito."}, {"id": "111", "ano": "2025", "numero": "29", "tipo__sigla": "IND", "tipo__descricao": "Indica\u00e7\u00e3o", "autoria": "Ana Maria", "texto_original": "http://sapl.granito.pe.leg.br/media/sapl/public/materialegislativa/2025/111/indicacao_029_2025_assinado.pdf", "ementa": "Indica ao Excelent\u00edssimo Senhor George de Sidney Ferreira, Prefeito do Munic\u00edpio de Granito \u2013 PE, que sejam envidados esfor\u00e7os no sentido de adquirir uma m\u00e1quina de raio-X digital para o Hospital Municipal de Granito."}, {"id": "112", "ano": "2025", "numero": "30", "tipo__sigla": "IND", "tipo__descricao": "Indica\u00e7\u00e3o", "autoria": "Aur\u00edlio Lacerda", "texto_original": "http://sapl.granito.pe.leg.br/media/sapl/public/materialegislativa/2025/112/indicacao_030_2025.pdf", "ementa": "Indica ao Excelent\u00edssimo Senhor George Washington pereira Alencar, Prefeito do Munic\u00edpio de Granito \u2013 PE, que seja levada ao Cons\u00f3rcio Intermunicipal do Sert\u00e3o do Araripe Pernambucano (CISAPE) a proposta de cria\u00e7\u00e3o de um Canil Regional, com estrutura adequada para o acolhimento, tratamento e controle da popula\u00e7\u00e3o de animais abandonados nos munic\u00edpios consorciados."}, {"id": "113", "ano": "2025", "numero": "31", "tipo__sigla": "IND", "tipo__descricao": "Indica\u00e7\u00e3o", "autoria": "J\u00fanior Leonel", "texto_original": "http://sapl.granito.pe.leg.br/media/sapl/public/materialegislativa/2025/113/0031_-_indicacao.pdf", "ementa": "Solicita a constru\u00e7\u00e3o de uma passagem molhada na comunidade do s\u00edtio Alecrim de cima Granito-PE."}, {"id": "114", "ano": "2025", "numero": "32", "tipo__sigla": "IND", "tipo__descricao": "Indica\u00e7\u00e3o", "autoria": "J\u00fanior Leonel", "texto_original": "http://sapl.granito.pe.leg.br/media/sapl/public/materialegislativa/2025/114/32.pdf", "ementa": "Solicita a Constru\u00e7\u00e3o de Passagem Molhada no Riacho do Distrito de Rancharia que da acesso as comunidades do S\u00edtio Mandacaru, Barrinha e Cedro."}, {"id": "115", "ano": "2025", "numero": "33", "tipo__sigla": "IND", "tipo__descricao": "Indica\u00e7\u00e3o", "autoria": "Gabriel Duarte", "texto_original": "http://sapl.granito.pe.leg.br/media/sapl/public/materialegislativa/2025/115/008_indicacao_revitalizacao_cemiterios_no_municipio.pdf", "ementa": "Propor ao Excelent\u00edssimo Senhor Prefeito Municipal a reforma e manuten\u00e7\u00e3o dos cemit\u00e9rios da sede do munic\u00edpio de Granito, incluindo a revitaliza\u00e7\u00e3o do muro do cemit\u00e9rio antigo (localizado no centro da cidade), a regulariza\u00e7\u00e3o do espa\u00e7o do cemit\u00e9rio do S\u00edtio Cedro (localizado na Rancharia), e a reforma dos cemit\u00e9rios do S\u00edtio Tombo, do Povoado de Lagoa Nova, e dos demais cemit\u00e9rios cadastrados no munic\u00edpio"}, {"id": "116", "ano": "2025", "numero": "34", "tipo__sigla": "IND", "tipo__descricao": "Indica\u00e7\u00e3o", "autoria": "Gabriel Duarte", "texto_original": "http://sapl.granito.pe.leg.br/media/sapl/public/materialegislativa/2025/116/007_indicacao_iluminacao_ponte.pdf", "ementa": "propor ao Excelent\u00edssimo Senhor Prefeito Municipal a instala\u00e7\u00e3o de l\u00e2mpadas e melhoria da ilumina\u00e7\u00e3o p\u00fablica na ponte de acesso sobre o Rio Br\u00edgida, localizada na sa\u00edda da Estrada da Barra, sentido cidade de Serrita, e a melhoria nos acessos da entrada principal da estrada que liga a sede de Granito a Timorante/Bela Vista, e tamb\u00e9m no acesso da entrada de Granito \u00e0 cidade de Moreil\u00e2ndia."}, {"id": "117", "ano": "2025", "numero": "35", "tipo__sigla": "IND", "tipo__descricao": "Indica\u00e7\u00e3o", "autoria": "Gabriel Duarte", "texto_original": "http://sapl.granito.pe.leg.br/media/sapl/public/materialegislativa/2025/117/006_indicacao_inscricao_do_municipio_ao_selo_unicef.pdf", "ementa": "Propor ao Excelent\u00edssimo Senhor Prefeito Municipal, George W. Pereira de Alencar, a ades\u00e3o e inscri\u00e7\u00e3o do Munic\u00edpio de Granito ao Selo UNICEF."}, {"id": "120", "ano": "2025", "numero": "36", "tipo__sigla": "IND", "tipo__descricao": "Indica\u00e7\u00e3o", "autoria": "J\u00fanior Leonel", "texto_original": "http://sapl.granito.pe.leg.br/media/sapl/public/materialegislativa/2025/120/37_assinado.pdf", "ementa": "Sugere ao Poder Executivo Municipal que reserve 20% dos recursos destinados \u00e0 contrata\u00e7\u00e3o de atra\u00e7\u00f5es art\u00edsticas para eventos e festividades de Granito \u2013 PE \u00e0 contrata\u00e7\u00e3o de artistas naturais do munic\u00edpio."}, {"id": "121", "ano": "2025", "numero": "37", "tipo__sigla": "IND", "tipo__descricao": "Indica\u00e7\u00e3o", "autoria": "J\u00fanior Leonel", "texto_original": "http://sapl.granito.pe.leg.br/media/sapl/public/materialegislativa/2025/121/38_assinado.pdf", "ementa": "Sugere que o nome da cozinha comunit\u00e1ria do povoado de Rancharia seja denominado \"Cozinha Comunit\u00e1ria Mundinha Nelo de Luna\", como forma de homenagem a esta senhora que dedicou sua vida a servir \u00e0 popula\u00e7\u00e3o, oferecendo alimentos a todos que passavam por sua casa e necessitavam de ajuda."}, {"id": "122", "ano": "2025", "numero": "38", "tipo__sigla": "IND", "tipo__descricao": "Indica\u00e7\u00e3o", "autoria": "J\u00fanior Leonel", "texto_original": "http://sapl.granito.pe.leg.br/media/sapl/public/materialegislativa/2025/122/39_assinado.pdf", "ementa": "Sugere a revitaliza\u00e7\u00e3o da Academia das Cidades e a implanta\u00e7\u00e3o de uma pista de Cooper na comunidade de Lagoa Nova, Povoado de Granito, com o objetivo de promover mais sa\u00fade, bem-estar e qualidade de vida para os moradores da localidade."}, {"id": "123", "ano": "2025", "numero": "39", "tipo__sigla": "IND", "tipo__descricao": "Indica\u00e7\u00e3o", "autoria": "J\u00fanior Leonel", "texto_original": "http://sapl.granito.pe.leg.br/media/sapl/public/materialegislativa/2025/123/39.pdf", "ementa": "Sugere ao Poder Executivo Municipal a RESTAURA\u00c7\u00c3O DO PARQUE E DO EVENTO MOTOCROS -\r\nGranito-Pe."}, {"id": "124", "ano": "2025", "numero": "40", "tipo__sigla": "IND", "tipo__descricao": "Indica\u00e7\u00e3o", "autoria": "J\u00fanior Leonel", "texto_original": "http://sapl.granito.pe.leg.br/media/sapl/public/materialegislativa/2025/124/44_assinado.pdf", "ementa": "Sugere ao Poder Executivo Municipal a contrata\u00e7\u00e3o do palestrante e consultor Paulo Suassuna, idealizador da Tecnologia do Cultivo Intensivo da Palma, para participar da programa\u00e7\u00e3o da ExpoGranito com palestra voltada \u00e0 forma\u00e7\u00e3o dos agricultores do munic\u00edpio."}, {"id": "125", "ano": "2025", "numero": "41", "tipo__sigla": "IND", "tipo__descricao": "Indica\u00e7\u00e3o", "autoria": "J\u00fanior Leonel", "texto_original": "http://sapl.granito.pe.leg.br/media/sapl/public/materialegislativa/2025/125/49_assinado.pdf", "ementa": "Sugere a revitaliza\u00e7\u00e3o da quadra esportiva do Povoado de S\u00e3o Sebasti\u00e3o Popular Mato Grosso, e a implanta\u00e7\u00e3o de ilumina\u00e7\u00e3o adequada, com o objetivo de proporcionar melhores condi\u00e7\u00f5es para a pr\u00e1tica de atividades esportivas e culturais."}, {"id": "126", "ano": "2025", "numero": "42", "tipo__sigla": "IND", "tipo__descricao": "Indica\u00e7\u00e3o", "autoria": "J\u00fanior Leonel", "texto_original": "http://sapl.granito.pe.leg.br/media/sapl/public/materialegislativa/2025/126/40_assinado.pdf", "ementa": "Sugere ao Poder Executivo Municipal a constru\u00e7\u00e3o de uma quadra esportiva de futebol de areia na comunidade de Casa de Pedra, zona rural de Granito-PE, visando atender crian\u00e7as, jovens, adultos e idosos, e promovendo lazer, esporte e inclus\u00e3o social."}, {"id": "127", "ano": "2025", "numero": "43", "tipo__sigla": "IND", "tipo__descricao": "Indica\u00e7\u00e3o", "autoria": "J\u00fanior Leonel", "texto_original": "http://sapl.granito.pe.leg.br/media/sapl/public/materialegislativa/2025/127/45_assinado.pdf", "ementa": "Sugere ao Poder Executivo Municipal a revitaliza\u00e7\u00e3o da academia das cidades do povoado de bela vista - Granito-Pe."}, {"id": "128", "ano": "2025", "numero": "44", "tipo__sigla": "IND", "tipo__descricao": "Indica\u00e7\u00e3o", "autoria": "J\u00fanior Leonel", "texto_original": "http://sapl.granito.pe.leg.br/media/sapl/public/materialegislativa/2025/128/41_assinado.pdf", "ementa": "Sugere ao Poder Executivo Municipal a cria\u00e7\u00e3o de uma Horta Comunit\u00e1ria na comunidade do S\u00edtio Casa de Pedra \u2013 Granito-PE, visando a gera\u00e7\u00e3o de renda e o fortalecimento da seguran\u00e7a alimentar."}, {"id": "129", "ano": "2025", "numero": "45", "tipo__sigla": "IND", "tipo__descricao": "Indica\u00e7\u00e3o", "autoria": "J\u00fanior Leonel", "texto_original": "http://sapl.granito.pe.leg.br/media/sapl/public/materialegislativa/2025/129/46_assinado.pdf", "ementa": "Solicita a pavimenta\u00e7\u00e3o em cal\u00e7amento de trecho da Rua Pedro Ribeiro de Souza, no povoado de Rancharia"}, {"id": "130", "ano": "2025", "numero": "46", "tipo__sigla": "IND", "tipo__descricao": "Indica\u00e7\u00e3o", "autoria": "J\u00fanior Leonel", "texto_original": "http://sapl.granito.pe.leg.br/media/sapl/public/materialegislativa/2025/130/42_assinado.pdf", "ementa": "Sugere ao Poder Executivo Municipal a perfura\u00e7\u00e3o de um po\u00e7o artesiano e a instala\u00e7\u00e3o de uma caixa d\u2019\u00e1gua na comunidade do S\u00edtio Minador, zona rural de Granito \u2013 PE."}, {"id": "131", "ano": "2025", "numero": "47", "tipo__sigla": "IND", "tipo__descricao": "Indica\u00e7\u00e3o", "autoria": "J\u00fanior Leonel", "texto_original": "http://sapl.granito.pe.leg.br/media/sapl/public/materialegislativa/2025/131/47_assinado.pdf", "ementa": "Solicita\u00e7\u00e3o de Curso de Treinamento de Futsal para Equipes do Munic\u00edpio de Granito-PE."}, {"id": "132", "ano": "2025", "numero": "48", "tipo__sigla": "IND", "tipo__descricao": "Indica\u00e7\u00e3o", "autoria": "J\u00fanior Leonel", "texto_original": "http://sapl.granito.pe.leg.br/media/sapl/public/materialegislativa/2025/132/43_assinado.pdf", "ementa": "Sugere ao Poder Executivo Municipal a perfura\u00e7\u00e3o de um po\u00e7o artesiano e a instala\u00e7\u00e3o de uma caixa d\u2019\u00e1gua na comunidade do S\u00edtio Lagoa Nova, zona rural de Granito \u2013 PE."}, {"id": "133", "ano": "2025", "numero": "49", "tipo__sigla": "IND", "tipo__descricao": "Indica\u00e7\u00e3o", "autoria": "J\u00fanior Leonel", "texto_original": "http://sapl.granito.pe.leg.br/media/sapl/public/materialegislativa/2025/133/48_assinado.pdf", "ementa": "Sugere a constru\u00e7\u00e3o de um portal de identifica\u00e7\u00e3o na entrada do povoado de Casa de Pedra, zona rural de Granito-PE, com o objetivo de valorizar a cultura local, promover a identidade da comunidade e fomentar o turismo na regi\u00e3o."}, {"id": "138", "ano": "2025", "numero": "50", "tipo__sigla": "IND", "tipo__descricao": "Indica\u00e7\u00e3o", "autoria": "Aur\u00edlio Lacerda", "texto_original": "http://sapl.granito.pe.leg.br/media/sapl/public/materialegislativa/2025/138/indicacao_50_2025.pdf", "ementa": "Indica ao Excelent\u00edssimo Senhor George Washington Pereira Alencar, Prefeito do Munic\u00edpio de Granito \u2013 PE, que seja providenciada, a pavimenta\u00e7\u00e3o em paralelep\u00edpedo nas vias internas do Assentamento Nova Esperan\u00e7a II, situado na zona rural deste munic\u00edpio."}, {"id": "139", "ano": "2025", "numero": "51", "tipo__sigla": "IND", "tipo__descricao": "Indica\u00e7\u00e3o", "autoria": "Aur\u00edlio Lacerda", "texto_original": "http://sapl.granito.pe.leg.br/media/sapl/public/materialegislativa/2025/139/indicacao_51_2025.pdf", "ementa": "Indica ao Excelent\u00edssimo Senhor George Washington Pereira Alencar, Prefeito do Munic\u00edpio de Granito \u2013 PE, que seja providenciada, a pavimenta\u00e7\u00e3o em paralelep\u00edpedo nas ruas projetadas do distrito Bela vista bem como nas ruas Z\u00e9 Bedeu, Corn\u00e9lio Carlos de Alencar, Padre C\u00edcero, Asa Branca situado no distrito citado deste munic\u00edpio."}, {"id": "143", "ano": "2025", "numero": "52", "tipo__sigla": "IND", "tipo__descricao": "Indica\u00e7\u00e3o", "autoria": "Aur\u00edlio Lacerda", "texto_original": "http://sapl.granito.pe.leg.br/media/sapl/public/materialegislativa/2025/143/indicacao_052_2025.pdf", "ementa": "Indica ao Poder Executivo Municipal que adote provid\u00eancias, junto ao Munic\u00edpio de Exu/PE, para celebrar termo de coopera\u00e7\u00e3o ou cess\u00e3o de uso do cemit\u00e9rio localizado no Distrito de Rancharia, atualmente sob jurisdi\u00e7\u00e3o de Exu, mas situado geograficamente em Granito, a fim de transferir a gest\u00e3o e administra\u00e7\u00e3o para o Munic\u00edpio de Granito."}, {"id": "144", "ano": "2025", "numero": "53", "tipo__sigla": "IND", "tipo__descricao": "Indica\u00e7\u00e3o", "autoria": "F\u00e1tima do Sindicato", "texto_original": "http://sapl.granito.pe.leg.br/media/sapl/public/materialegislativa/2025/144/indicacao_053_2025.pdf", "ementa": "Reforma e manuten\u00e7\u00e3o dos banheiros p\u00fablicos do Distrito de Rancharia."}, {"id": "158", "ano": "2025", "numero": "54", "tipo__sigla": "IND", "tipo__descricao": "Indica\u00e7\u00e3o", "autoria": "Ana Maria", "texto_original": "http://sapl.granito.pe.leg.br/media/sapl/public/materialegislativa/2025/158/indicacao_054_2025_-_propoe_a_criacao_do_programa_municipal_de_dignidade_menstrual_nas_escolas_da_rede_assinado.pdf", "ementa": "Prop\u00f5e a cria\u00e7\u00e3o do Programa Municipal de Dignidade Menstrual nas escolas da rede p\u00fablica municipal de ensino de Granito \u2013 PE."}, {"id": "160", "ano": "2025", "numero": "55", "tipo__sigla": "IND", "tipo__descricao": "Indica\u00e7\u00e3o", "autoria": "J\u00fanior Leonel", "texto_original": "http://sapl.granito.pe.leg.br/media/sapl/public/materialegislativa/2025/160/55_assinado.pdf", "ementa": "Solicita ao Poder Executivo que a cria\u00e7\u00e3o e implanta\u00e7\u00e3o do Parque Municipal de Vaquejada de Granito \u2013 PE, localizado na sede do munic\u00edpio, com infraestrutura adequada para acolher os vaqueiros locais e permitir a realiza\u00e7\u00e3o de circuitos e atividades esportivas nos finais de semana."}, {"id": "161", "ano": "2025", "numero": "56", "tipo__sigla": "IND", "tipo__descricao": "Indica\u00e7\u00e3o", "autoria": "J\u00fanior Leonel", "texto_original": "http://sapl.granito.pe.leg.br/media/sapl/public/materialegislativa/2025/161/56_assinado.pdf", "ementa": "A presente indica\u00e7\u00e3o prop\u00f5e a execu\u00e7\u00e3o do cal\u00e7amento das ruas ao redor do povoado de Lagoa Nova, com material adequado e t\u00e9cnicas que garantam durabilidade e seguran\u00e7a. A medida tem como objetivo oferecer melhor infraestrutura urbana, facilitar o acesso dos moradores, fortalecer a integra\u00e7\u00e3o comunit\u00e1ria e promover a melhoria da qualidade de vida na localidade."}, {"id": "50", "ano": "2025", "numero": "1", "tipo__sigla": "MOC", "tipo__descricao": "Mo\u00e7\u00e3o", "autoria": "Gabriel Duarte", "texto_original": "http://sapl.granito.pe.leg.br/media/sapl/public/materialegislativa/2025/50/mocao_-_onofre_eufrasio.pdf", "ementa": "MO\u00c7\u00c3O de Homenagem P\u00f3stuma do Ex-prefeito Onofre Eufrasio de Luna\r\n\r\nInciso IX do artigo 166 do Regimento interno da C\u00e2mara Municipal de Granito"}, {"id": "69", "ano": "2025", "numero": "1", "tipo__sigla": "REQ", "tipo__descricao": "Requerimento", "autoria": "Vanvan", "texto_original": "http://sapl.granito.pe.leg.br/media/sapl/public/materialegislativa/2025/69/requerimento_01_2025.pdf", "ementa": "Requeira, a Vossa Excel\u00eancia, com o fundamento no artigo 164 do Regimento Interno da c\u00e2mara. C\u00f3pias da 04 Emendas apresentadas ao projeto de lei N 19 de 2024, Objeto do Veto do poder Executivo."}, {"id": "70", "ano": "2025", "numero": "2", "tipo__sigla": "REQ", "tipo__descricao": "Requerimento", "autoria": "Aur\u00edlio Lacerda", "texto_original": "http://sapl.granito.pe.leg.br/media/sapl/public/materialegislativa/2025/70/requerimento_retirada_de_pauta_assinado.pdf", "ementa": "Nos termos do Art. 187, \u00a71\u00ba, do Regimento Interno desta Casa Legislativa, a Comiss\u00e3o de Justi\u00e7a e Reda\u00e7\u00e3o vem, por meio de seu Presidente, requerer a retirada de pauta dos seguintes Projetos de Lei de autoria do Poder Legislativo Municipal:\r\n\r\n\u2022 Projeto de Lei n\u00ba 007/2025, que disp\u00f5e sobre a constru\u00e7\u00e3o de banheiros p\u00fablicos para atender \u00e0s necessidades dos feirantes, comerciantes e demais populares do munic\u00edpio de Granito."}, {"id": "71", "ano": "2025", "numero": "3", "tipo__sigla": "REQ", "tipo__descricao": "Requerimento", "autoria": "Aur\u00edlio Lacerda", "texto_original": "http://sapl.granito.pe.leg.br/media/sapl/public/materialegislativa/2025/71/requerimento_retirada_de_pauta_assinado.pdf", "ementa": "Nos termos do Art. 187, \u00a71\u00ba, do Regimento Interno desta Casa Legislativa, a Comiss\u00e3o de Justi\u00e7a e Reda\u00e7\u00e3o vem, por meio de seu Presidente, requerer a retirada de pauta dos seguintes Projetos de Lei de autoria do Poder Legislativo Municipal:\r\n\u2022\r\nProjeto de Lei n\u00ba 005/2025, que disp\u00f5e sobre, institui o Sistema de Refor\u00e7o Escolar no munic\u00edpio de Granito e d\u00e1 outras provid\u00eancias."}, {"id": "72", "ano": "2025", "numero": "4", "tipo__sigla": "REQ", "tipo__descricao": "Requerimento", "autoria": "Aur\u00edlio Lacerda", "texto_original": "http://sapl.granito.pe.leg.br/media/sapl/public/materialegislativa/2025/72/requerimento_retirada_de_pauta.pdf", "ementa": "Nos termos do Art. 187, \u00a71\u00ba, do Regimento Interno desta Casa Legislativa, a Comiss\u00e3o de Justi\u00e7a e Reda\u00e7\u00e3o vem, por meio de seu Presidente, requerer a retirada de pauta dos seguintes Projetos de Lei de autoria do Poder Legislativo Municipal:\r\n\r\n\u2022\tProjeto de Lei n\u00ba 008/2025, disp\u00f5e sobre a constru\u00e7\u00e3o e denomina\u00e7\u00e3o do p\u00e1tio de eventos localizado na antiga quadra do distrito de rancharia, munic\u00edpio de Granito-PE, e d\u00e1 outras provid\u00eancias."}, {"id": "73", "ano": "2025", "numero": "5", "tipo__sigla": "REQ", "tipo__descricao": "Requerimento", "autoria": "Aur\u00edlio Lacerda", "texto_original": "http://sapl.granito.pe.leg.br/media/sapl/public/materialegislativa/2025/73/requerimento_retirada_de_pauta.pdf", "ementa": "Nos termos do Art. 187, \u00a71\u00ba, do Regimento Interno desta Casa Legislativa, a Comiss\u00e3o de Justi\u00e7a e Reda\u00e7\u00e3o vem, por meio de seu Presidente, requerer a retirada de pauta dos seguintes Projetos de Lei de autoria do Poder Legislativo Municipal:\r\n\r\n\u2022\tProjeto de Lei n\u00ba 007/2025, que disp\u00f5e sobre a constru\u00e7\u00e3o de banheiros p\u00fablicos para atender \u00e0s necessidades dos feirantes, comerciantes e demais populares do munic\u00edpio de Granito."}, {"id": "99", "ano": "2025", "numero": "6", "tipo__sigla": "REQ", "tipo__descricao": "Requerimento", "autoria": "Gabinete da Presid\u00eancia - GPRES", "texto_original": "http://sapl.granito.pe.leg.br/media/sapl/public/materialegislativa/2025/99/requerimento_006_2025.pdf", "ementa": "Solicita, em car\u00e1ter de urg\u00eancia, o agendamento de Audi\u00eancia P\u00fablica com a COMPESA na C\u00e2mara Municipal de Granito, para tratar de quest\u00f5es relacionadas aos servi\u00e7os de abastecimento de \u00e1gua e saneamento b\u00e1sico no munic\u00edpio."}, {"id": "100", "ano": "2025", "numero": "7", "tipo__sigla": "REQ", "tipo__descricao": "Requerimento", "autoria": "Gabinete da Presid\u00eancia - GPRES", "texto_original": "http://sapl.granito.pe.leg.br/media/sapl/public/materialegislativa/2025/100/requerimento_007_2025.pdf", "ementa": "Solicita, com urg\u00eancia, o agendamento de Audi\u00eancia P\u00fablica com representantes da CELPE \u2013 Neoenergia Pernambuco, para tratar da instabilidade no fornecimento de energia el\u00e9trica no munic\u00edpio de Granito \u2013 PE."}, {"id": "156", "ano": "2025", "numero": "8", "tipo__sigla": "REQ", "tipo__descricao": "Requerimento", "autoria": "Aur\u00edlio Lacerda", "texto_original": "http://sapl.granito.pe.leg.br/media/sapl/public/materialegislativa/2025/156/requerimento_chapa_1.pdf", "ementa": "REQUERIMENTO DE REGISTRO DE CHAPA PARA A ELEI\u00c7\u00c3O DA MESA DIRETORA DO EXERC\u00cdCIO DE 2026"}, {"id": "157", "ano": "2025", "numero": "9", "tipo__sigla": "REQ", "tipo__descricao": "Requerimento", "autoria": "Partido dos Trabalhadores (PT)", "texto_original": "http://sapl.granito.pe.leg.br/media/sapl/public/materialegislativa/2025/157/requerimento_poste_rancharia.pdf", "ementa": "Solicita\u00e7\u00e3o de retirada/realoca\u00e7\u00e3o de poste de energia el\u00e9trica."}]}