{"id":26,"__str__":"Lei Ordin\u00e1ria-PREF n\u00ba 508, de 19 de mar\u00e7o de 2025","link_detail_backend":"/norma/26","metadata":{"signs":{"texto_integral":{"admin":[],"autores":[["George Washington Pereira Alencar",["2025-03-19T10:50:47-03:00","ICP-Brasil"]]]}}},"texto_integral":"http://sapl.granito.pe.leg.br/media/sapl/public/normajuridica/2025/26/lei_no_508-2025_-_dispoe_sobre_a_denominacao_do_parque_de_feira_agropecuaria_do_municipio_de_granito-pe_como_parque_de_feira_agropecuaria_antonio_lacerda_de_alencar.pdf","numero":"508","ano":2025,"esfera_federacao":"M","data":"2025-03-19","data_publicacao":null,"veiculo_publicacao":"","pagina_inicio_publicacao":null,"pagina_fim_publicacao":null,"ementa":"DISP\u00d5E SOBRE A DENOMINA\u00c7\u00c3O DO PARQUE DE FEIRA AGROPECU\u00c1RIA DO MUNIC\u00cdPIO DE GRANITO-PE COMO \"PARQUE DE FEIRA AGROPECU\u00c1RIA ANTONIO LACERDA DE ALENCAR\" E D\u00c1 OUTRAS PROVID\u00caNCIAS.","indexacao":"","observacao":"","complemento":false,"data_vigencia":null,"timestamp":"2025-10-15T10:00:39.220977-03:00","data_ultima_atualizacao":"2025-10-15T10:00:39.393523-03:00","ip":"200.234.7.194","ultima_edicao":"2025-10-15T09:57:23.195811-03:00","tipo":4,"materia":60,"orgao":3,"user":17,"assuntos":[],"autores":[]}