{"id":23,"__str__":"Lei Ordin\u00e1ria-PREF n\u00ba 507, de 19 de mar\u00e7o de 2025","link_detail_backend":"/norma/23","metadata":{"signs":{"texto_integral":{"admin":[],"autores":[["George Washington Pereira Alencar",["2025-03-19T11:01:19-03:00","ICP-Brasil"]]]}}},"texto_integral":"http://sapl.granito.pe.leg.br/media/sapl/public/normajuridica/2025/23/lei_no_507-2025_-_dispoe_sobre_a_instituicao_da_semana_municipal_de_conscientizacao_sobre_o_autismo.pdf","numero":"507","ano":2025,"esfera_federacao":"M","data":"2025-03-19","data_publicacao":null,"veiculo_publicacao":"","pagina_inicio_publicacao":null,"pagina_fim_publicacao":null,"ementa":"Disp\u00f5e sobre a Institui\u00e7\u00e3o da Semana Municipal de Conscientiza\u00e7\u00e3o Sobre o Autismo e d\u00e1 outras provid\u00eancias.","indexacao":"","observacao":"","complemento":false,"data_vigencia":null,"timestamp":"2025-10-15T09:50:10.945507-03:00","data_ultima_atualizacao":"2025-10-15T09:50:11.108719-03:00","ip":"200.234.7.194","ultima_edicao":"2025-10-15T09:49:05.788955-03:00","tipo":4,"materia":51,"orgao":3,"user":17,"assuntos":[],"autores":[]}