{"id":15,"__str__":"Lei Ordin\u00e1ria-PREF n\u00ba 494, de 18 de setembro de 2024","link_detail_backend":"/norma/15","metadata":{"signs":{"texto_integral":{"admin":[],"autores":[["Joao Bosco Lacerda de Alencar",["2024-09-18T10:53:00-03:00","ICP-Brasil"]]]}}},"texto_integral":"http://sapl.granito.pe.leg.br/media/sapl/public/normajuridica/2024/15/lei_n492_-2024_-_naps_oficial.pdf","numero":"494","ano":2024,"esfera_federacao":"M","data":"2024-09-18","data_publicacao":null,"veiculo_publicacao":"","pagina_inicio_publicacao":1,"pagina_fim_publicacao":8,"ementa":"DISP\u00d5E SOBRE A CRIA\u00c7\u00c3O E REGULARIZA\u00c7\u00c3O DO NAPS (N\u00daCLEO DE APOIO PSICOSSOCIAL), NO MUNIC\u00cdPIO DE GRANITO/PE E D\u00c1 OUTRAS PROVID\u00caNCIAS.","indexacao":"","observacao":"","complemento":false,"data_vigencia":null,"timestamp":"2025-01-03T19:43:25.313866-03:00","data_ultima_atualizacao":"2025-01-03T19:43:25.676257-03:00","ip":"177.52.45.220","ultima_edicao":"2025-01-03T19:41:18.526216-03:00","tipo":4,"materia":10,"orgao":3,"user":2,"assuntos":[],"autores":[]}