{"id":434,"__str__":"Indica\u00e7\u00e3o n\u00ba 43 de 2025 | Mat\u00e9ria Arquivada | 23/04/2026","link_detail_backend":"/materia/tramitacao/434","metadata":{},"timestamp":"2026-04-23T18:43:50.459586-03:00","data_tramitacao":"2026-04-23","data_encaminhamento":null,"urgente":false,"turno":"","texto":"M\u00e1teria j\u00e1 existente, o vereador Aur\u00edlio Lacerda de Alencar j\u00e1 fez a solicita\u00e7\u00e3o no exerc\u00edcio de 2024!","data_fim_prazo":null,"ip":"200.234.6.215","ultima_edicao":"2026-04-23T18:41:24.707854-03:00","status":63,"materia":127,"unidade_tramitacao_local":8,"unidade_tramitacao_destino":3,"user":4}