{"id":63,"__str__":"Projeto de Lei Ordin\u00e1ria do Legislativo n\u00ba 6 de 2025","link_detail_backend":"/materia/63","metadata":{},"numero":6,"ano":2025,"numero_protocolo":27,"data_apresentacao":"2025-03-19","tipo_apresentacao":"","data_publicacao":null,"numero_origem_externa":"","ano_origem_externa":null,"data_origem_externa":null,"apelido":"","dias_prazo":null,"data_fim_prazo":null,"em_tramitacao":false,"polemica":false,"objeto":"","complementar":false,"ementa":"Institui a Carteira de Identifica\u00e7\u00e3o da Pessoa\r\n com Transtorno do Espectro Autista (CIPTEA)\r\n no \u00e2mbito do Munic\u00edpio de Granito-PE, em\r\n conformidade com a Lei Federal n\u00ba 13.977, de\r\n 08 de janeiro de 2020 e d\u00e1 outras provid\u00eancias.","indexacao":"","observacao":"Os Projetos de Lei do Legislativo, Come\u00e7am com a numera\u00e7\u00e3o 100, para n\u00e3o haver choque de numera\u00e7\u00e3o","resultado":"","texto_original":"http://sapl.granito.pe.leg.br/media/sapl/public/materialegislativa/2025/63/doc-20250319-wa0051._1.pdf","data_ultima_atualizacao":"2025-07-30T14:34:43.348221-03:00","ip":"177.52.44.246","ultima_edicao":"2025-03-28T13:04:52.741684-03:00","tipo":12,"regime_tramitacao":1,"tipo_origem_externa":null,"local_origem_externa":null,"user":2,"anexadas":[],"autores":[22]}