{"id":51,"__str__":"Projeto de Lei Ordin\u00e1ria do Legislativo n\u00ba 2 de 2025","link_detail_backend":"/materia/51","metadata":{"signs":{"texto_original":{"admin":[],"autores":[["Aurilio Lacerda de Alencar",["2025-02-14T16:59:20-03:00","ICP-Brasil - Certificado PF A3"]]]}}},"numero":2,"ano":2025,"numero_protocolo":13,"data_apresentacao":"2025-02-13","tipo_apresentacao":"E","data_publicacao":null,"numero_origem_externa":"","ano_origem_externa":null,"data_origem_externa":null,"apelido":"","dias_prazo":null,"data_fim_prazo":null,"em_tramitacao":true,"polemica":false,"objeto":"","complementar":false,"ementa":"Disp\u00f5e sobre a Institui\u00e7\u00e3o da Semana Municipal de Conscientiza\u00e7\u00e3o Sobre o Autismo e d\u00e1 outras provid\u00eancias","indexacao":"","observacao":"Os Projetos de Lei do Legislativo, Come\u00e7am com a numera\u00e7\u00e3o 100, para n\u00e3o haver choque de numera\u00e7\u00e3o","resultado":"","texto_original":"http://sapl.granito.pe.leg.br/media/sapl/public/materialegislativa/2025/51/pl_002_2025_semana_do_autismo.pdf","data_ultima_atualizacao":"2025-03-28T13:03:06.139353-03:00","ip":"177.52.44.246","ultima_edicao":"2025-03-28T13:03:02.773114-03:00","tipo":12,"regime_tramitacao":3,"tipo_origem_externa":null,"local_origem_externa":null,"user":2,"anexadas":[57],"autores":[17]}