{"id":19,"__str__":"Projeto de Lei Ordin\u00e1ria do Executivo n\u00ba 5 de 2024","link_detail_backend":"/materia/19","metadata":{"signs":{"texto_original":{"admin":[],"autores":[["Joao Bosco Lacerda de Alencar",["2024-05-17T10:18:23-03:00","ICP-Brasil"]]]}}},"numero":5,"ano":2024,"numero_protocolo":null,"data_apresentacao":"2024-05-16","tipo_apresentacao":"E","data_publicacao":null,"numero_origem_externa":"","ano_origem_externa":null,"data_origem_externa":null,"apelido":"","dias_prazo":null,"data_fim_prazo":null,"em_tramitacao":false,"polemica":false,"objeto":"","complementar":false,"ementa":"Altera a nomenclatura de cargos criados pela Lei Municipal N\u00b0 483 de 05 de abril de 2024, do Munic\u00edpio de Granito, Estado de Pernambuco e d\u00e1 outras provid\u00eancias.","indexacao":"","observacao":"","resultado":"","texto_original":"http://sapl.granito.pe.leg.br/media/sapl/public/materialegislativa/2024/19/pl_05_2024.pdf","data_ultima_atualizacao":"2024-10-30T11:10:02.625906-03:00","ip":"177.52.44.246","ultima_edicao":"2024-10-30T11:07:50.581843-03:00","tipo":1,"regime_tramitacao":1,"tipo_origem_externa":null,"local_origem_externa":null,"user":4,"anexadas":[],"autores":[]}