{"id":199,"__str__":"Indica\u00e7\u00e3o n\u00ba 2 de 2026","link_detail_backend":"/materia/199","metadata":{"signs":{"texto_original":{"admin":[],"autores":[["Ana Maria de Oliveira Peixoto Soares",["2026-04-21T07:36:22-03:00","Gov-Br"]]]}}},"numero":2,"ano":2026,"numero_protocolo":16,"data_apresentacao":"2026-04-20","tipo_apresentacao":"E","data_publicacao":"2026-04-20","numero_origem_externa":"","ano_origem_externa":null,"data_origem_externa":null,"apelido":"","dias_prazo":null,"data_fim_prazo":null,"em_tramitacao":false,"polemica":false,"objeto":"","complementar":false,"ementa":"Solicita\u00e7\u00e3o de constru\u00e7\u00e3o de cemit\u00e9rio p\u00fablico na localidade de Casa de Pedra.","indexacao":"INDICA\u00c7\u00c3O N\u00ba 002/2026\r\nAutora: Vereadora Ana Maria de Oliveira Peixoto Soares\r\nAssunto: Solicita\u00e7\u00e3o de constru\u00e7\u00e3o de cemit\u00e9rio p\u00fablico na localidade de Casa de Pedra\r\nSenhor Presidente, Senhores Vereadores,\r\nA Vereadora que esta subscreve, no uso de suas atribui\u00e7\u00f5es legais e regimentais, vem, respeitosamente, \u00e0 presen\u00e7a de Vossas Excel\u00eancias, indicar ao Poder Executivo Municipal que sejam adotadas as provid\u00eancias necess\u00e1rias para a constru\u00e7\u00e3o de um cemit\u00e9rio p\u00fablico na localidade de Casa de Pedra, neste munic\u00edpio.\r\nJUSTIFICATIVA:\r\nA presente indica\u00e7\u00e3o tem como objetivo atender a uma demanda antiga e de grande relev\u00e2ncia social para os moradores da comunidade de Casa de Pedra. Atualmente, a aus\u00eancia de um cemit\u00e9rio na localidade obriga as fam\u00edlias a se deslocarem para outras \u00e1reas do munic\u00edpio, muitas vezes enfrentando dificuldades log\u00edsticas e emocionais em um momento j\u00e1 delicado.\r\nA implanta\u00e7\u00e3o de um cemit\u00e9rio p\u00fablico na comunidade proporcionar\u00e1 maior dignidade \u00e0s fam\u00edlias, garantindo um local adequado para sepultamentos, al\u00e9m de facilitar o acesso e reduzir custos com deslocamento. Trata-se de uma medida de car\u00e1ter humanit\u00e1rio, que visa assegurar respeito \u00e0s tradi\u00e7\u00f5es e \u00e0s necessidades da popula\u00e7\u00e3o local.\r\nDiante do exposto, solicita-se ao Poder Executivo a devida aten\u00e7\u00e3o a esta indica\u00e7\u00e3o, com a realiza\u00e7\u00e3o de estudos t\u00e9cnicos e viabilidade para a execu\u00e7\u00e3o da obra.\r\nSala das Sess\u00f5es, 20 de abril de 2026.\r\n_________________________________\r\nAna Maria de Oliveira Peixoto Soares\r\nVereadora","observacao":"","resultado":"","texto_original":"http://sapl.granito.pe.leg.br/media/sapl/public/materialegislativa/2026/199/indicacao_002_2026_assinado.pdf","data_ultima_atualizacao":"2026-04-21T07:41:18.336499-03:00","ip":"177.52.45.206","ultima_edicao":"2026-04-21T07:41:18.082690-03:00","tipo":7,"regime_tramitacao":1,"tipo_origem_externa":null,"local_origem_externa":null,"user":2,"anexadas":[],"autores":[28]}