{"id":182,"__str__":"Projeto de Lei Ordin\u00e1ria do Executivo n\u00ba 9 de 2023","link_detail_backend":"/materia/182","metadata":{"signs":{"texto_original":{"admin":[],"autores":[["Joao Bosco Lacerda de Alencar",["2023-07-21T12:37:56-03:00","ICP-Brasil"]]]}}},"numero":9,"ano":2023,"numero_protocolo":null,"data_apresentacao":"2023-07-21","tipo_apresentacao":"E","data_publicacao":null,"numero_origem_externa":"","ano_origem_externa":null,"data_origem_externa":null,"apelido":"","dias_prazo":null,"data_fim_prazo":null,"em_tramitacao":false,"polemica":false,"objeto":"","complementar":false,"ementa":"AUTORIZA ABERTURA DE CR\u00c9DITO ESPECIAL AO OR\u00c7AMENTO VIGENTE E D\u00c1 OUTRAS PROVID\u00caNCIAS.","indexacao":"","observacao":"","resultado":"","texto_original":"http://sapl.granito.pe.leg.br/media/sapl/public/materialegislativa/2023/182/projeto_de_lei_do_executivo_n_009_de_21_de_julho_de_2023.pdf","data_ultima_atualizacao":"2026-04-17T13:02:09.175478-03:00","ip":"177.52.45.206","ultima_edicao":"2026-04-17T13:01:26.489083-03:00","tipo":1,"regime_tramitacao":3,"tipo_origem_externa":null,"local_origem_externa":null,"user":2,"anexadas":[],"autores":[]}