{"id":168,"__str__":"Indica\u00e7\u00e3o n\u00ba 1 de 2026","link_detail_backend":"/materia/168","metadata":{},"numero":1,"ano":2026,"numero_protocolo":4,"data_apresentacao":"2026-03-20","tipo_apresentacao":"","data_publicacao":null,"numero_origem_externa":"","ano_origem_externa":2026,"data_origem_externa":null,"apelido":"","dias_prazo":null,"data_fim_prazo":null,"em_tramitacao":true,"polemica":false,"objeto":"","complementar":false,"ementa":"Sugere ao Poder Executivo Municipal um letreiro de Identifica\u00e7\u00e3o na entrada do povoado de Lagoa Nova, Munic\u00edpio de Granito\u2013PE.","indexacao":"Senhor Presidente,\r\nO Vereador que subscreve, nos termos regimentais, indica ao Excelent\u00edssimo Senhor Prefeito\r\ndo Munic\u00edpio de Granito \u2013 PE, a instala\u00e7\u00e3o de um letreiro de identifica\u00e7\u00e3o no povoado de Lagoa\r\nNova, transformando-o em um cart\u00e3o-postal para a comunidade e demonstrando um maior n\u00edvel\r\nde organiza\u00e7\u00e3o para aquela localidade.\r\nJustificativa:\r\nA presente indica\u00e7\u00e3o tem por objetivo solicitar a instala\u00e7\u00e3o de um letreiro de identifica\u00e7\u00e3o\r\nno povoado de Lagoa Nova, visando valorizar a comunidade e fortalecer sua identidade cultural.\r\nA coloca\u00e7\u00e3o de um letreiro contribui n\u00e3o apenas para a organiza\u00e7\u00e3o urbana e a valoriza\u00e7\u00e3o est\u00e9tica\r\ndo local, mas tamb\u00e9m para o fortalecimento do sentimento de pertencimento dos moradores.\r\nAl\u00e9m disso, o letreiro funcionar\u00e1 como um cart\u00e3o-postal para visitantes, promovendo\r\nmaior visibilidade ao povoado e possibilitando o incentivo ao turismo local.\r\nAssim, a presente indica\u00e7\u00e3o busca garantir um impacto positivo na autoestima da\r\npopula\u00e7\u00e3o, transmite uma imagem de cuidado com os espa\u00e7os p\u00fablicos e refor\u00e7a o compromisso\r\nda gest\u00e3o municipal com a valoriza\u00e7\u00e3o das comunidades refor\u00e7ando o compromisso desta Casa\r\nLegislativa com o bem-estar da popula\u00e7\u00e3o.\r\nSala das Sess\u00f5es, Granito\u2013PE, 27 de janeiro de 2026.","observacao":"","resultado":"","texto_original":"http://sapl.granito.pe.leg.br/media/sapl/public/materialegislativa/2026/168/05.pdf","data_ultima_atualizacao":"2026-03-20T03:01:36.061923-03:00","ip":"177.52.45.210","ultima_edicao":"2026-03-20T03:01:35.844527-03:00","tipo":7,"regime_tramitacao":1,"tipo_origem_externa":7,"local_origem_externa":null,"user":2,"anexadas":[],"autores":[27]}