{"id":128,"__str__":"Indica\u00e7\u00e3o n\u00ba 44 de 2025","link_detail_backend":"/materia/128","metadata":{"signs":{"texto_original":{"admin":[],"autores":[["Francisco Leonel Ferreira Junior",["2025-06-30T21:44:05-03:00","Gov-Br"]]]}}},"numero":44,"ano":2025,"numero_protocolo":86,"data_apresentacao":"2025-07-01","tipo_apresentacao":"","data_publicacao":null,"numero_origem_externa":"","ano_origem_externa":null,"data_origem_externa":null,"apelido":"","dias_prazo":null,"data_fim_prazo":null,"em_tramitacao":true,"polemica":false,"objeto":"","complementar":false,"ementa":"Sugere ao Poder Executivo Municipal a cria\u00e7\u00e3o de uma Horta Comunit\u00e1ria na comunidade do S\u00edtio Casa de Pedra \u2013 Granito-PE, visando a gera\u00e7\u00e3o de renda e o fortalecimento da seguran\u00e7a alimentar.","indexacao":"","observacao":"","resultado":"","texto_original":"http://sapl.granito.pe.leg.br/media/sapl/public/materialegislativa/2025/128/41_assinado.pdf","data_ultima_atualizacao":"2025-07-01T10:55:13.746607-03:00","ip":"","ultima_edicao":null,"tipo":7,"regime_tramitacao":1,"tipo_origem_externa":null,"local_origem_externa":null,"user":null,"anexadas":[],"autores":[27]}