{"id":110,"__str__":"Indica\u00e7\u00e3o n\u00ba 28 de 2025","link_detail_backend":"/materia/110","metadata":{"signs":{"texto_original":{"admin":[],"autores":[["Aurilio Lacerda de Alencar",["2025-05-30T10:42:42-03:00","ICP-Brasil - Certificado PF A3"]]]}}},"numero":28,"ano":2025,"numero_protocolo":68,"data_apresentacao":"2025-05-30","tipo_apresentacao":"E","data_publicacao":null,"numero_origem_externa":"","ano_origem_externa":null,"data_origem_externa":null,"apelido":"","dias_prazo":null,"data_fim_prazo":null,"em_tramitacao":true,"polemica":false,"objeto":"","complementar":false,"ementa":"Indica ao Excelent\u00edssimo Senhor Prefeito do Munic\u00edpio de Granito-PE, George de Sidney, que sejam criados espa\u00e7os especiais e priorit\u00e1rios para pessoas com neurodiverg\u00eancias em todos os eventos promovidos pelo munic\u00edpio, especialmente na ExpoGranito.","indexacao":"","observacao":"","resultado":"","texto_original":"http://sapl.granito.pe.leg.br/media/sapl/public/materialegislativa/2025/110/indicacao_028_2025.pdf","data_ultima_atualizacao":"2025-08-01T13:38:59.701692-03:00","ip":"200.234.6.243","ultima_edicao":"2025-05-30T10:43:38.429390-03:00","tipo":7,"regime_tramitacao":1,"tipo_origem_externa":null,"local_origem_externa":null,"user":2,"anexadas":[],"autores":[17]}