{"id":101,"__str__":"Indica\u00e7\u00e3o n\u00ba 23 de 2025","link_detail_backend":"/materia/101","metadata":{"signs":{"texto_original":{"admin":[],"autores":[["Francisco Duarte Gabriel",["2025-05-23T15:14:27-03:00","ICP-Brasil"]]]}}},"numero":23,"ano":2025,"numero_protocolo":59,"data_apresentacao":"2025-05-23","tipo_apresentacao":"","data_publicacao":null,"numero_origem_externa":"","ano_origem_externa":null,"data_origem_externa":null,"apelido":"","dias_prazo":null,"data_fim_prazo":null,"em_tramitacao":true,"polemica":false,"objeto":"","complementar":false,"ementa":"Sugere ao Poder Executivo Municipal a inclus\u00e3o do nome de ROZALVO GRANGEIRO XAVIER no \"Desfile dos Vaqueiros\" do S\u00e3o Jo\u00e3o de Granito, a partir da edi\u00e7\u00e3o de 2025, em mem\u00f3ria e reconhecimento \u00e0 sua relevante contribui\u00e7\u00e3o para o evento e para o munic\u00edpio.","indexacao":"","observacao":"","resultado":"","texto_original":"http://sapl.granito.pe.leg.br/media/sapl/public/materialegislativa/2025/101/0023_5_indicacao_desfile_rozalvo_xavier.pdf","data_ultima_atualizacao":"2025-05-30T11:09:57.536886-03:00","ip":"200.234.6.243","ultima_edicao":"2025-05-30T11:09:57.229113-03:00","tipo":7,"regime_tramitacao":1,"tipo_origem_externa":null,"local_origem_externa":null,"user":2,"anexadas":[],"autores":[30]}