{"id":100,"__str__":"Requerimento n\u00ba 7 de 2025","link_detail_backend":"/materia/100","metadata":{"signs":{"texto_original":{"admin":[],"autores":[["Filipe Cordeiro Belem",["2025-05-19T19:45:24-03:00","ICP-Brasil - Certificado PF A3"]]]}}},"numero":7,"ano":2025,"numero_protocolo":null,"data_apresentacao":"2025-05-19","tipo_apresentacao":"E","data_publicacao":null,"numero_origem_externa":"","ano_origem_externa":2025,"data_origem_externa":null,"apelido":"","dias_prazo":null,"data_fim_prazo":null,"em_tramitacao":false,"polemica":false,"objeto":"","complementar":false,"ementa":"Solicita, com urg\u00eancia, o agendamento de Audi\u00eancia P\u00fablica com representantes da CELPE \u2013 Neoenergia Pernambuco, para tratar da instabilidade no fornecimento de energia el\u00e9trica no munic\u00edpio de Granito \u2013 PE.","indexacao":"","observacao":"","resultado":"","texto_original":"http://sapl.granito.pe.leg.br/media/sapl/public/materialegislativa/2025/100/requerimento_007_2025.pdf","data_ultima_atualizacao":"2025-05-19T19:47:11.310672-03:00","ip":"177.52.45.221","ultima_edicao":"2025-05-19T19:46:01.576333-03:00","tipo":9,"regime_tramitacao":3,"tipo_origem_externa":9,"local_origem_externa":null,"user":2,"anexadas":[],"autores":[4]}