{"id":76,"__str__":"Of\u00edcios Recebidos - Of\u00edcio com aut\u00f3grafo o Ex-Chefe Do Poder Executivo de 04/03/2026 por Jo\u00e3o Bosco Lacerda","link_detail_backend":"/materia/documentoacessorio/76","metadata":{},"nome":"Of\u00edcio com aut\u00f3grafo o Ex-Chefe Do Poder Executivo","data":"2026-03-04","autor":"Jo\u00e3o Bosco Lacerda","ementa":"Of\u00edcio N\u00b0 043/2026","indexacao":"","arquivo":"http://sapl.granito.pe.leg.br/media/sapl/public/documentoacessorio/2023/76/oficio_recebido.pdf","data_ultima_atualizacao":"2026-03-17T13:19:16.313377-03:00","materia":167,"tipo":4}