{"id":74,"__str__":"Parecer da Comiss\u00e3o - Comiss\u00e3o de Justi\u00e7a e Reda\u00e7\u00e3o de 11/03/2026 por F\u00e1tima do Sindicato (Presidente da Comiss\u00e3o)","link_detail_backend":"/materia/documentoacessorio/74","metadata":{"signs":{"arquivo":{"admin":[],"autores":[["Francisco Duarte Gabriel",["2026-03-11T13:21:11-03:00","ICP-Brasil"]],["Maria de Fatima Lustosa de Araujo Alencar",["2026-03-11T12:26:07-03:00","Gov-Br"]]]}}},"nome":"Comiss\u00e3o de Justi\u00e7a e Reda\u00e7\u00e3o","data":"2026-03-11","autor":"F\u00e1tima do Sindicato (Presidente da Comiss\u00e3o)","ementa":"Julgamento das Contas de Governo do Poder Executivo \u2013 Exerc\u00edcio Financeiro de 2023.","indexacao":"","arquivo":"http://sapl.granito.pe.leg.br/media/sapl/public/documentoacessorio/2023/74/parecer_de_justica_e_redacao_-_contas_do_executivo_assinado.pdf","data_ultima_atualizacao":"2026-03-11T13:32:26.218418-03:00","materia":167,"tipo":9}