{"id":29,"__str__":"Parecer Legislativo - Comiss\u00e3o de Justi\u00e7a e Reda\u00e7\u00e3o de 10/07/2025 por Vereadora Rozali Eufrasina de Oliveira","link_detail_backend":"/materia/documentoacessorio/29","metadata":{"signs":{"arquivo":{"admin":[],"autores":[["Rozali Eufrausina de Oliveira",["2025-07-10T16:09:53-03:00","Gov-Br"]]]}}},"nome":"Comiss\u00e3o de Justi\u00e7a e Reda\u00e7\u00e3o","data":"2025-07-10","autor":"Vereadora Rozali Eufrasina de Oliveira","ementa":"PARECER DA COMISS\u00c3O PERMANENTE DE JUSTI\u00c7A E REDA\u00c7\u00c3O AO PROJETO DE LEI N\u00ba 013/2025, protocolizado nesta relatoria no dia 08-07-2025, de autoria do PODER EXECUTIVO que \u201cDisp\u00f5e sobre o reajuste do valor pago por plant\u00e3o aos profissionais de enfermagem no \u00e2mbito do munic\u00edpio de Granito.\u201d","indexacao":"","arquivo":"http://sapl.granito.pe.leg.br/media/sapl/public/documentoacessorio/2025/29/parecer_jr_13.pdf","data_ultima_atualizacao":"2025-07-10T18:35:26.929007-03:00","materia":134,"tipo":5}